{"id":12906,"date":"2019-05-30T21:50:58","date_gmt":"2019-05-30T21:50:58","guid":{"rendered":"http:\/\/blogdorogeriogomes.com.br\/?p=12906"},"modified":"2019-05-30T21:50:58","modified_gmt":"2019-05-30T21:50:58","slug":"estudantes-voltam-as-ruas-para-protestar-contra-o-ministerio-da-educacao","status":"publish","type":"post","link":"https:\/\/blogdorogeriogomes.com.br\/noticias\/2019\/05\/estudantes-voltam-as-ruas-para-protestar-contra-o-ministerio-da-educacao\/","title":{"rendered":"Estudantes voltam \u00e0s ruas para protestar contra o Minist\u00e9rio da Educa\u00e7\u00e3o"},"content":{"rendered":"<p><img loading=\"lazy\" decoding=\"async\" class=\"alignnone size-medium wp-image-12907\" src=\"http:\/\/blogdorogeriogomes.com.br\/wp-content\/uploads\/2019\/05\/IMG_20190530_184455_418-300x300.jpg\" alt=\"IMG_20190530_184455_418\" width=\"300\" height=\"300\" srcset=\"https:\/\/blogdorogeriogomes.com.br\/noticias\/wp-content\/uploads\/2019\/05\/IMG_20190530_184455_418-300x300.jpg 300w, https:\/\/blogdorogeriogomes.com.br\/noticias\/wp-content\/uploads\/2019\/05\/IMG_20190530_184455_418-150x150.jpg 150w, https:\/\/blogdorogeriogomes.com.br\/noticias\/wp-content\/uploads\/2019\/05\/IMG_20190530_184455_418-768x767.jpg 768w, https:\/\/blogdorogeriogomes.com.br\/noticias\/wp-content\/uploads\/2019\/05\/IMG_20190530_184455_418.jpg 884w\" sizes=\"auto, (max-width: 300px) 100vw, 300px\" \/><\/p>\n<p>Estudantes voltaram\u00a0<span style=\"font-size: 0.8rem;\">\u00e0s ruas de todo o Pa\u00eds, nesta quinta-feira, dia 30 de maio, para protestar sobre os cortes de verbas nas institui\u00e7\u00f5es e universidades federais. As manifesta\u00e7\u00f5es aconteceram em v\u00e1rias capitais e foram convocadas pelo movimento estudantil. Esta \u00e9 a segunda a\u00e7\u00e3o contra o Minist\u00e9rio da Educa\u00e7\u00e3o em menos de um m\u00eas.<\/span><\/p>\n<p>Em Fortaleza, a concentra\u00e7\u00e3o dos estudantes come\u00e7ou na Pra\u00e7a da Gentilandia, no bairro Benfica. Depois, os manifestantes sa\u00edram em passeata por ruas e avenidas da Capital.<br \/>\nTamb\u00e9m foram registrados protestos em outras cidades do Cear\u00e1, onde h\u00e1 campi de universidades e institutos federais como Reden\u00e7\u00e3o, Crato, Juazeiro do Norte, Crato, Barbalha, Itapipoca, Sobral e Iguatu.<\/p>\n<p>Foto: Luiz Regadas<\/p>\n","protected":false},"excerpt":{"rendered":"<p>Estudantes voltaram\u00a0\u00e0s ruas de todo o Pa\u00eds, nesta quinta-feira, dia 30 de maio, para protestar sobre os cortes de verbas nas institui\u00e7\u00f5es e universidades federais. As manifesta\u00e7\u00f5es aconteceram em v\u00e1rias capitais e foram convocadas pelo movimento estudantil. Esta \u00e9 a segunda a\u00e7\u00e3o contra o Minist\u00e9rio da Educa\u00e7\u00e3o em menos de um m\u00eas. Em Fortaleza, a concentra\u00e7\u00e3o dos estudantes come\u00e7ou na Pra\u00e7a da Gentilandia, no bairro Benfica. Depois, os manifestantes sa\u00edram em passeata por ruas e avenidas da Capital. Tamb\u00e9m&hellip;<\/p>\n","protected":false},"author":1,"featured_media":0,"comment_status":"open","ping_status":"open","sticky":false,"template":"","format":"standard","meta":{"footnotes":""},"categories":[1],"tags":[],"class_list":["post-12906","post","type-post","status-publish","format-standard","hentry","category-noticias"],"_links":{"self":[{"href":"https:\/\/blogdorogeriogomes.com.br\/noticias\/wp-json\/wp\/v2\/posts\/12906","targetHints":{"allow":["GET"]}}],"collection":[{"href":"https:\/\/blogdorogeriogomes.com.br\/noticias\/wp-json\/wp\/v2\/posts"}],"about":[{"href":"https:\/\/blogdorogeriogomes.com.br\/noticias\/wp-json\/wp\/v2\/types\/post"}],"author":[{"embeddable":true,"href":"https:\/\/blogdorogeriogomes.com.br\/noticias\/wp-json\/wp\/v2\/users\/1"}],"replies":[{"embeddable":true,"href":"https:\/\/blogdorogeriogomes.com.br\/noticias\/wp-json\/wp\/v2\/comments?post=12906"}],"version-history":[{"count":1,"href":"https:\/\/blogdorogeriogomes.com.br\/noticias\/wp-json\/wp\/v2\/posts\/12906\/revisions"}],"predecessor-version":[{"id":12908,"href":"https:\/\/blogdorogeriogomes.com.br\/noticias\/wp-json\/wp\/v2\/posts\/12906\/revisions\/12908"}],"wp:attachment":[{"href":"https:\/\/blogdorogeriogomes.com.br\/noticias\/wp-json\/wp\/v2\/media?parent=12906"}],"wp:term":[{"taxonomy":"category","embeddable":true,"href":"https:\/\/blogdorogeriogomes.com.br\/noticias\/wp-json\/wp\/v2\/categories?post=12906"},{"taxonomy":"post_tag","embeddable":true,"href":"https:\/\/blogdorogeriogomes.com.br\/noticias\/wp-json\/wp\/v2\/tags?post=12906"}],"curies":[{"name":"wp","href":"https:\/\/api.w.org\/{rel}","templated":true}]}}