{"id":12912,"date":"2019-05-31T08:58:51","date_gmt":"2019-05-31T08:58:51","guid":{"rendered":"http:\/\/blogdorogeriogomes.com.br\/?p=12912"},"modified":"2019-05-31T08:58:51","modified_gmt":"2019-05-31T08:58:51","slug":"roberto-claudio-participa-de-seminario-internacional-de-mobilidade-urbana-em-sp","status":"publish","type":"post","link":"https:\/\/blogdorogeriogomes.com.br\/noticias\/2019\/05\/roberto-claudio-participa-de-seminario-internacional-de-mobilidade-urbana-em-sp\/","title":{"rendered":"Roberto Cl\u00e1udio participa de Semin\u00e1rio Internacional de Mobilidade Urbana em SP"},"content":{"rendered":"<p><img loading=\"lazy\" decoding=\"async\" class=\"alignnone size-medium wp-image-12913\" src=\"http:\/\/blogdorogeriogomes.com.br\/wp-content\/uploads\/2019\/05\/IMG_20190531_055257_569-300x225.jpg\" alt=\"IMG_20190531_055257_569\" width=\"300\" height=\"225\" srcset=\"https:\/\/blogdorogeriogomes.com.br\/noticias\/wp-content\/uploads\/2019\/05\/IMG_20190531_055257_569-300x225.jpg 300w, https:\/\/blogdorogeriogomes.com.br\/noticias\/wp-content\/uploads\/2019\/05\/IMG_20190531_055257_569-768x576.jpg 768w, https:\/\/blogdorogeriogomes.com.br\/noticias\/wp-content\/uploads\/2019\/05\/IMG_20190531_055257_569.jpg 1024w\" sizes=\"auto, (max-width: 300px) 100vw, 300px\" \/><\/p>\n<p>O prefeito de Fortaleza, Roberto Cl\u00e1udio, participou, nesta quinta-feira, dia 30 de maio, em S\u00e3o Paulo, do Summit Mobilidade Urbana 2019, evento promovido pelo jornal O Estado de S\u00e3o Paulo e que \u00e9 o maior do Pa\u00eds no debate sobre mobilidade urbana nas cidades. Convidado para o painel \u201cRotinas Passadas a Limpo &#8211; De que maneira as a\u00e7\u00f5es de sustentabilidade e de mobilidade ativa s\u00e3o capazes de melhorar a qualidade de vida urbana\u201d, o prefeito Roberto Cl\u00e1udio apresentou uma s\u00edntese das pol\u00edticas p\u00fablicas implantadas em Fortaleza que ajudaram a melhorar a qualidade do transporte p\u00fablico na Capital e, principalmente, a qualidade de vida do fortalezense e a reduzir o n\u00famero de mortes no tr\u00e2nsito.<br \/>\nTamb\u00e9m participaram do painel a arquiteta Marcela Alfonso Ferreira, urbanista e coordenadora de Projetos no Urbem (Instituto de Urbanismo e Estudos para a Metr\u00f3pole), a gerente de Transportes Ativos no ITDP (Instituto de Pol\u00edticas de Transporte &amp; Desenvolvimento), Danielle Hoppe, e o vice-diretor Regional da C40 para Am\u00e9rica Latina, Ilan Cuperstein.<\/p>\n","protected":false},"excerpt":{"rendered":"<p>O prefeito de Fortaleza, Roberto Cl\u00e1udio, participou, nesta quinta-feira, dia 30 de maio, em S\u00e3o Paulo, do Summit Mobilidade Urbana 2019, evento promovido pelo jornal O Estado de S\u00e3o Paulo e que \u00e9 o maior do Pa\u00eds no debate sobre mobilidade urbana nas cidades. Convidado para o painel \u201cRotinas Passadas a Limpo &#8211; De que maneira as a\u00e7\u00f5es de sustentabilidade e de mobilidade ativa s\u00e3o capazes de melhorar a qualidade de vida urbana\u201d, o prefeito Roberto Cl\u00e1udio apresentou uma&hellip;<\/p>\n","protected":false},"author":1,"featured_media":0,"comment_status":"open","ping_status":"open","sticky":false,"template":"","format":"standard","meta":{"footnotes":""},"categories":[1],"tags":[],"class_list":["post-12912","post","type-post","status-publish","format-standard","hentry","category-noticias"],"_links":{"self":[{"href":"https:\/\/blogdorogeriogomes.com.br\/noticias\/wp-json\/wp\/v2\/posts\/12912","targetHints":{"allow":["GET"]}}],"collection":[{"href":"https:\/\/blogdorogeriogomes.com.br\/noticias\/wp-json\/wp\/v2\/posts"}],"about":[{"href":"https:\/\/blogdorogeriogomes.com.br\/noticias\/wp-json\/wp\/v2\/types\/post"}],"author":[{"embeddable":true,"href":"https:\/\/blogdorogeriogomes.com.br\/noticias\/wp-json\/wp\/v2\/users\/1"}],"replies":[{"embeddable":true,"href":"https:\/\/blogdorogeriogomes.com.br\/noticias\/wp-json\/wp\/v2\/comments?post=12912"}],"version-history":[{"count":1,"href":"https:\/\/blogdorogeriogomes.com.br\/noticias\/wp-json\/wp\/v2\/posts\/12912\/revisions"}],"predecessor-version":[{"id":12914,"href":"https:\/\/blogdorogeriogomes.com.br\/noticias\/wp-json\/wp\/v2\/posts\/12912\/revisions\/12914"}],"wp:attachment":[{"href":"https:\/\/blogdorogeriogomes.com.br\/noticias\/wp-json\/wp\/v2\/media?parent=12912"}],"wp:term":[{"taxonomy":"category","embeddable":true,"href":"https:\/\/blogdorogeriogomes.com.br\/noticias\/wp-json\/wp\/v2\/categories?post=12912"},{"taxonomy":"post_tag","embeddable":true,"href":"https:\/\/blogdorogeriogomes.com.br\/noticias\/wp-json\/wp\/v2\/tags?post=12912"}],"curies":[{"name":"wp","href":"https:\/\/api.w.org\/{rel}","templated":true}]}}