{"id":12915,"date":"2019-05-31T09:01:15","date_gmt":"2019-05-31T09:01:15","guid":{"rendered":"http:\/\/blogdorogeriogomes.com.br\/?p=12915"},"modified":"2019-05-31T09:01:15","modified_gmt":"2019-05-31T09:01:15","slug":"assembleia-legislativa-realiza-novo-debate-sobre-a-reforma-da-previdencia-em-parceria-com-a-camara-dos-deputados","status":"publish","type":"post","link":"https:\/\/blogdorogeriogomes.com.br\/noticias\/2019\/05\/assembleia-legislativa-realiza-novo-debate-sobre-a-reforma-da-previdencia-em-parceria-com-a-camara-dos-deputados\/","title":{"rendered":"Assembleia Legislativa realiza novo debate sobre a Reforma da Previd\u00eancia em parceria com a C\u00e2mara dos Deputados"},"content":{"rendered":"<p><img loading=\"lazy\" decoding=\"async\" class=\"alignnone size-medium wp-image-12916\" src=\"http:\/\/blogdorogeriogomes.com.br\/wp-content\/uploads\/2019\/05\/IMG-20190530-WA0139-300x188.jpg\" alt=\"IMG-20190530-WA0139\" width=\"300\" height=\"188\" srcset=\"https:\/\/blogdorogeriogomes.com.br\/noticias\/wp-content\/uploads\/2019\/05\/IMG-20190530-WA0139-300x188.jpg 300w, https:\/\/blogdorogeriogomes.com.br\/noticias\/wp-content\/uploads\/2019\/05\/IMG-20190530-WA0139-768x482.jpg 768w, https:\/\/blogdorogeriogomes.com.br\/noticias\/wp-content\/uploads\/2019\/05\/IMG-20190530-WA0139-1024x642.jpg 1024w, https:\/\/blogdorogeriogomes.com.br\/noticias\/wp-content\/uploads\/2019\/05\/IMG-20190530-WA0139.jpg 1280w\" sizes=\"auto, (max-width: 300px) 100vw, 300px\" \/><\/p>\n<p>A Reforma da Previd\u00eancia tramita na C\u00e2mara dos Deputados, em Bras\u00edlia, e o debate sobre os efeitos da proposta em discuss\u00e3o se estende aos estados. A Assembleia Legislativa do Cear\u00e1 recebeu nesta quinta-feira, dia 30 de maio, um debate sobre a reforma com as presen\u00e7as de deputados estaduais e federais, entidades representativas e especialistas de diversas partes do Pa\u00eds.<br \/>\nO presidente da Casa, Jos\u00e9 Sarto (PDT), destacou a pluralidade da discuss\u00e3o com a participa\u00e7\u00e3o de deputados favor\u00e1veis e contra o projeto apresentado pelo Governo Bolsonaro. \u201cUma frequ\u00eancia boa que d\u00e1 legitimidade para levar esse pensamento e sensibilizar. Levar a voz do cearense ao Governo Federal\u201d, avaliou.<br \/>\nO evento promovido em parceria com a C\u00e2mara Federal contou com a participa\u00e7\u00e3o do presidente da Comiss\u00e3o Especial da Reforma, deputado federal Marcelo Ramos (PR-AM), do deputado federal Andr\u00e9 Figueiredo, l\u00edder do PDT, do deputado federal J\u00fanior Mano (Patriota), al\u00e9m do secret\u00e1rio estadual do Planejamento, Mauro Filho (PDT), deputado federal licenciado.<br \/>\nJos\u00e9 Sarto destacou ainda que o semin\u00e1rio discutiu de forma objetiva o texto que est\u00e1 tramitando no Congresso Nacional e chamou aten\u00e7\u00e3o para o impacto da proposta na vida das pessoas. \u201cA pauta da Previd\u00eancia importa a todos n\u00f3s, o trabalhador, o trabalhador rural, a dona de casa, todos que t\u00eam uma liga\u00e7\u00e3o. \u00c9 um tema que incomoda toda a sociedade brasileira, \u00e9 pauta dos notici\u00e1rios e importa a milh\u00f5es de brasileiros\u201d, acrescentou.<\/p>\n","protected":false},"excerpt":{"rendered":"<p>A Reforma da Previd\u00eancia tramita na C\u00e2mara dos Deputados, em Bras\u00edlia, e o debate sobre os efeitos da proposta em discuss\u00e3o se estende aos estados. A Assembleia Legislativa do Cear\u00e1 recebeu nesta quinta-feira, dia 30 de maio, um debate sobre a reforma com as presen\u00e7as de deputados estaduais e federais, entidades representativas e especialistas de diversas partes do Pa\u00eds. O presidente da Casa, Jos\u00e9 Sarto (PDT), destacou a pluralidade da discuss\u00e3o com a participa\u00e7\u00e3o de deputados favor\u00e1veis e contra&hellip;<\/p>\n","protected":false},"author":1,"featured_media":0,"comment_status":"open","ping_status":"open","sticky":false,"template":"","format":"standard","meta":{"footnotes":""},"categories":[1],"tags":[],"class_list":["post-12915","post","type-post","status-publish","format-standard","hentry","category-noticias"],"_links":{"self":[{"href":"https:\/\/blogdorogeriogomes.com.br\/noticias\/wp-json\/wp\/v2\/posts\/12915","targetHints":{"allow":["GET"]}}],"collection":[{"href":"https:\/\/blogdorogeriogomes.com.br\/noticias\/wp-json\/wp\/v2\/posts"}],"about":[{"href":"https:\/\/blogdorogeriogomes.com.br\/noticias\/wp-json\/wp\/v2\/types\/post"}],"author":[{"embeddable":true,"href":"https:\/\/blogdorogeriogomes.com.br\/noticias\/wp-json\/wp\/v2\/users\/1"}],"replies":[{"embeddable":true,"href":"https:\/\/blogdorogeriogomes.com.br\/noticias\/wp-json\/wp\/v2\/comments?post=12915"}],"version-history":[{"count":1,"href":"https:\/\/blogdorogeriogomes.com.br\/noticias\/wp-json\/wp\/v2\/posts\/12915\/revisions"}],"predecessor-version":[{"id":12917,"href":"https:\/\/blogdorogeriogomes.com.br\/noticias\/wp-json\/wp\/v2\/posts\/12915\/revisions\/12917"}],"wp:attachment":[{"href":"https:\/\/blogdorogeriogomes.com.br\/noticias\/wp-json\/wp\/v2\/media?parent=12915"}],"wp:term":[{"taxonomy":"category","embeddable":true,"href":"https:\/\/blogdorogeriogomes.com.br\/noticias\/wp-json\/wp\/v2\/categories?post=12915"},{"taxonomy":"post_tag","embeddable":true,"href":"https:\/\/blogdorogeriogomes.com.br\/noticias\/wp-json\/wp\/v2\/tags?post=12915"}],"curies":[{"name":"wp","href":"https:\/\/api.w.org\/{rel}","templated":true}]}}