{"id":12918,"date":"2019-05-31T13:22:19","date_gmt":"2019-05-31T13:22:19","guid":{"rendered":"http:\/\/blogdorogeriogomes.com.br\/?p=12918"},"modified":"2019-05-31T13:22:19","modified_gmt":"2019-05-31T13:22:19","slug":"politicos-avaliam-que-nota-do-mec-e-declaracao-de-guerra-a-estudantes-e-professores","status":"publish","type":"post","link":"https:\/\/blogdorogeriogomes.com.br\/noticias\/2019\/05\/politicos-avaliam-que-nota-do-mec-e-declaracao-de-guerra-a-estudantes-e-professores\/","title":{"rendered":"Pol\u00edticos avaliam que nota do MEC \u00e9 &#8220;declara\u00e7\u00e3o de guerra&#8221; a estudantes e professores"},"content":{"rendered":"<p><img loading=\"lazy\" decoding=\"async\" class=\"alignnone size-medium wp-image-12919\" src=\"http:\/\/blogdorogeriogomes.com.br\/wp-content\/uploads\/2019\/05\/IMG_20190531_101703_364-300x300.jpg\" alt=\"IMG_20190531_101703_364\" width=\"300\" height=\"300\" srcset=\"https:\/\/blogdorogeriogomes.com.br\/noticias\/wp-content\/uploads\/2019\/05\/IMG_20190531_101703_364-300x300.jpg 300w, https:\/\/blogdorogeriogomes.com.br\/noticias\/wp-content\/uploads\/2019\/05\/IMG_20190531_101703_364-150x150.jpg 150w, https:\/\/blogdorogeriogomes.com.br\/noticias\/wp-content\/uploads\/2019\/05\/IMG_20190531_101703_364.jpg 355w\" sizes=\"auto, (max-width: 300px) 100vw, 300px\" \/><\/p>\n<p>Al\u00e9m das manifesta\u00e7\u00f5es de professores e estudantes de todo o Pa\u00eds contra os cortes do Governo Federal na educa\u00e7\u00e3o, a postura do atual ministro da Educa\u00e7\u00e3o, Abraham Weintraub, tem ajudado a agravar a crise no setor. Antes dos protestos desta quinta-feira, dia 30 de maio, Weintraub pregou atrav\u00e9s de nota oficial a deduragem contra pais, alunos e professores que em sua opini\u00e3o estimulam e divulgam manifesta\u00e7\u00f5es de protestos contra a pol\u00edtica de ataques \u00e0 educa\u00e7\u00e3o no pa\u00eds.<br \/>\nA nota do Minist\u00e9rio da Educa\u00e7\u00e3o nesse sentido est\u00e1 sendo considerada uma declara\u00e7\u00e3o de guerra por pol\u00edticos e foi chamada de &#8220;tresloucada&#8221; e &#8220;autorit\u00e1ria&#8221;, de acordo com informa\u00e7\u00f5es da coluna Painel, do jornal Folha de S.Paulo.<br \/>\nA medida ser\u00e1 questionada na justi\u00e7a. Para Luciano Mariz Maia, vice-procurador-geral da Rep\u00fablica, a nota do MEC pode violar o Estatuto da Crian\u00e7a e do Adolescente e outros dispositivos legais.<br \/>\nO deputado federal Orlando Silva (PCdoB-SP) disse que ir\u00e1 representar contra o ministro Abraham Weintraub (Educa\u00e7\u00e3o) por abuso de poder, improbidade administrativa e crime de responsabilidade.<br \/>\nJ\u00e1 o vice-procurador geral da Rep\u00fablica considera as declara\u00e7\u00f5es de Weintraub uma afronta \u00e0 Constitui\u00e7\u00e3o e que a nota do MEC viola o artigo 16 do Estatuto da Crian\u00e7a e do Adolescente, que trata das garantias inerentes ao direito de liberdade.<\/p>\n","protected":false},"excerpt":{"rendered":"<p>Al\u00e9m das manifesta\u00e7\u00f5es de professores e estudantes de todo o Pa\u00eds contra os cortes do Governo Federal na educa\u00e7\u00e3o, a postura do atual ministro da Educa\u00e7\u00e3o, Abraham Weintraub, tem ajudado a agravar a crise no setor. Antes dos protestos desta quinta-feira, dia 30 de maio, Weintraub pregou atrav\u00e9s de nota oficial a deduragem contra pais, alunos e professores que em sua opini\u00e3o estimulam e divulgam manifesta\u00e7\u00f5es de protestos contra a pol\u00edtica de ataques \u00e0 educa\u00e7\u00e3o no pa\u00eds. A nota&hellip;<\/p>\n","protected":false},"author":1,"featured_media":0,"comment_status":"open","ping_status":"open","sticky":false,"template":"","format":"standard","meta":{"footnotes":""},"categories":[1],"tags":[],"class_list":["post-12918","post","type-post","status-publish","format-standard","hentry","category-noticias"],"_links":{"self":[{"href":"https:\/\/blogdorogeriogomes.com.br\/noticias\/wp-json\/wp\/v2\/posts\/12918","targetHints":{"allow":["GET"]}}],"collection":[{"href":"https:\/\/blogdorogeriogomes.com.br\/noticias\/wp-json\/wp\/v2\/posts"}],"about":[{"href":"https:\/\/blogdorogeriogomes.com.br\/noticias\/wp-json\/wp\/v2\/types\/post"}],"author":[{"embeddable":true,"href":"https:\/\/blogdorogeriogomes.com.br\/noticias\/wp-json\/wp\/v2\/users\/1"}],"replies":[{"embeddable":true,"href":"https:\/\/blogdorogeriogomes.com.br\/noticias\/wp-json\/wp\/v2\/comments?post=12918"}],"version-history":[{"count":1,"href":"https:\/\/blogdorogeriogomes.com.br\/noticias\/wp-json\/wp\/v2\/posts\/12918\/revisions"}],"predecessor-version":[{"id":12920,"href":"https:\/\/blogdorogeriogomes.com.br\/noticias\/wp-json\/wp\/v2\/posts\/12918\/revisions\/12920"}],"wp:attachment":[{"href":"https:\/\/blogdorogeriogomes.com.br\/noticias\/wp-json\/wp\/v2\/media?parent=12918"}],"wp:term":[{"taxonomy":"category","embeddable":true,"href":"https:\/\/blogdorogeriogomes.com.br\/noticias\/wp-json\/wp\/v2\/categories?post=12918"},{"taxonomy":"post_tag","embeddable":true,"href":"https:\/\/blogdorogeriogomes.com.br\/noticias\/wp-json\/wp\/v2\/tags?post=12918"}],"curies":[{"name":"wp","href":"https:\/\/api.w.org\/{rel}","templated":true}]}}