{"id":12921,"date":"2019-05-31T21:43:22","date_gmt":"2019-05-31T21:43:22","guid":{"rendered":"http:\/\/blogdorogeriogomes.com.br\/?p=12921"},"modified":"2019-05-31T21:43:22","modified_gmt":"2019-05-31T21:43:22","slug":"al-do-ceara-promove-debate-sobre-cortes-na-educacao-e-reitores-tracam-cenario-de-caos-para-o-segundo-semestre","status":"publish","type":"post","link":"https:\/\/blogdorogeriogomes.com.br\/noticias\/2019\/05\/al-do-ceara-promove-debate-sobre-cortes-na-educacao-e-reitores-tracam-cenario-de-caos-para-o-segundo-semestre\/","title":{"rendered":"AL do Cear\u00e1 promove debate sobre cortes na educa\u00e7\u00e3o e reitores tra\u00e7am cen\u00e1rio de caos para o segundo semestre"},"content":{"rendered":"<p><img loading=\"lazy\" decoding=\"async\" class=\"alignnone size-medium wp-image-12922\" src=\"http:\/\/blogdorogeriogomes.com.br\/wp-content\/uploads\/2019\/05\/IMG_20190531_183806_471-300x300.jpg\" alt=\"IMG_20190531_183806_471\" width=\"300\" height=\"300\" srcset=\"https:\/\/blogdorogeriogomes.com.br\/noticias\/wp-content\/uploads\/2019\/05\/IMG_20190531_183806_471-300x300.jpg 300w, https:\/\/blogdorogeriogomes.com.br\/noticias\/wp-content\/uploads\/2019\/05\/IMG_20190531_183806_471-150x150.jpg 150w, https:\/\/blogdorogeriogomes.com.br\/noticias\/wp-content\/uploads\/2019\/05\/IMG_20190531_183806_471.jpg 518w\" sizes=\"auto, (max-width: 300px) 100vw, 300px\" \/><\/p>\n<p>A Assembleia Legislativa do Cear\u00e1 reuniu, nesta sexta-feira, dia 31 de maio, reitores de universidades e institui\u00e7\u00f5es federais do Estado que tiveram cortes nos repasses do Minist\u00e9rio da Educa\u00e7\u00e3o. E o cen\u00e1rio tra\u00e7ado pelos reitores para o segundo semestre n\u00e3o poderia ser pior.<br \/>\nO reitor do Instituto Federal do Cear\u00e1 (IFCE), Virg\u00edlio Araripe, foi bem claro: \u201cCom o valor do nosso or\u00e7amento comprometido, s\u00f3 conseguimos manter e chegar com a institui\u00e7\u00e3o at\u00e9 o final de agosto\u201d.<br \/>\nEm discurso ao lado de reitores da Universidade Federal do Cear\u00e1 (UFC) e da Universidade da Integra\u00e7\u00e3o Internacional da Lusofonia Afro-Brasileira (Unilab), Virg\u00edlio Araripe lamentou ainda o impacto dos cortes no IFCE.<br \/>\nO reitor da Universidade Federal do Cear\u00e1 (UFC), Henry Campos, acusou o Governo Federal de tocar \u201cuma clara campanha de desmoraliza\u00e7\u00e3o\u201d de universidades p\u00fablicas do Pa\u00eds.<br \/>\n\u201cApesar de concentrarem 20% dos alunos do ensino superior do Pa\u00eds, essas institui\u00e7\u00f5es respondem por mais de 90% das pesquisas. A nossa universidade forma agora em julho o profissional de n\u00famero 100 mil. Essa \u00e9 a balb\u00fardia que produzimos\u201d, Henry Campos, reitor da UFC.<\/p>\n","protected":false},"excerpt":{"rendered":"<p>A Assembleia Legislativa do Cear\u00e1 reuniu, nesta sexta-feira, dia 31 de maio, reitores de universidades e institui\u00e7\u00f5es federais do Estado que tiveram cortes nos repasses do Minist\u00e9rio da Educa\u00e7\u00e3o. E o cen\u00e1rio tra\u00e7ado pelos reitores para o segundo semestre n\u00e3o poderia ser pior. O reitor do Instituto Federal do Cear\u00e1 (IFCE), Virg\u00edlio Araripe, foi bem claro: \u201cCom o valor do nosso or\u00e7amento comprometido, s\u00f3 conseguimos manter e chegar com a institui\u00e7\u00e3o at\u00e9 o final de agosto\u201d. Em discurso ao&hellip;<\/p>\n","protected":false},"author":1,"featured_media":0,"comment_status":"open","ping_status":"open","sticky":false,"template":"","format":"standard","meta":{"footnotes":""},"categories":[1],"tags":[],"class_list":["post-12921","post","type-post","status-publish","format-standard","hentry","category-noticias"],"_links":{"self":[{"href":"https:\/\/blogdorogeriogomes.com.br\/noticias\/wp-json\/wp\/v2\/posts\/12921","targetHints":{"allow":["GET"]}}],"collection":[{"href":"https:\/\/blogdorogeriogomes.com.br\/noticias\/wp-json\/wp\/v2\/posts"}],"about":[{"href":"https:\/\/blogdorogeriogomes.com.br\/noticias\/wp-json\/wp\/v2\/types\/post"}],"author":[{"embeddable":true,"href":"https:\/\/blogdorogeriogomes.com.br\/noticias\/wp-json\/wp\/v2\/users\/1"}],"replies":[{"embeddable":true,"href":"https:\/\/blogdorogeriogomes.com.br\/noticias\/wp-json\/wp\/v2\/comments?post=12921"}],"version-history":[{"count":1,"href":"https:\/\/blogdorogeriogomes.com.br\/noticias\/wp-json\/wp\/v2\/posts\/12921\/revisions"}],"predecessor-version":[{"id":12923,"href":"https:\/\/blogdorogeriogomes.com.br\/noticias\/wp-json\/wp\/v2\/posts\/12921\/revisions\/12923"}],"wp:attachment":[{"href":"https:\/\/blogdorogeriogomes.com.br\/noticias\/wp-json\/wp\/v2\/media?parent=12921"}],"wp:term":[{"taxonomy":"category","embeddable":true,"href":"https:\/\/blogdorogeriogomes.com.br\/noticias\/wp-json\/wp\/v2\/categories?post=12921"},{"taxonomy":"post_tag","embeddable":true,"href":"https:\/\/blogdorogeriogomes.com.br\/noticias\/wp-json\/wp\/v2\/tags?post=12921"}],"curies":[{"name":"wp","href":"https:\/\/api.w.org\/{rel}","templated":true}]}}