{"id":12924,"date":"2019-06-02T11:58:14","date_gmt":"2019-06-02T11:58:14","guid":{"rendered":"http:\/\/blogdorogeriogomes.com.br\/?p=12924"},"modified":"2019-06-02T11:58:14","modified_gmt":"2019-06-02T11:58:14","slug":"funceme-divulga-balanco-oficial-da-quadra-chuvosa-de-2019-na-proxima-quarta-feira","status":"publish","type":"post","link":"https:\/\/blogdorogeriogomes.com.br\/noticias\/2019\/06\/funceme-divulga-balanco-oficial-da-quadra-chuvosa-de-2019-na-proxima-quarta-feira\/","title":{"rendered":"Funceme divulga balan\u00e7o oficial da quadra chuvosa de 2019 na pr\u00f3xima quarta-feira"},"content":{"rendered":"<p><img loading=\"lazy\" decoding=\"async\" class=\"alignnone size-medium wp-image-12925\" src=\"http:\/\/blogdorogeriogomes.com.br\/wp-content\/uploads\/2019\/06\/IMG_20190602_085341_652-300x225.jpg\" alt=\"IMG_20190602_085341_652\" width=\"300\" height=\"225\" srcset=\"https:\/\/blogdorogeriogomes.com.br\/noticias\/wp-content\/uploads\/2019\/06\/IMG_20190602_085341_652-300x225.jpg 300w, https:\/\/blogdorogeriogomes.com.br\/noticias\/wp-content\/uploads\/2019\/06\/IMG_20190602_085341_652.jpg 620w\" sizes=\"auto, (max-width: 300px) 100vw, 300px\" \/><\/p>\n<p>A Funceme divulga na pr\u00f3xima quarta-feira, dia 5 de junho, o balan\u00e7o oficial da quadra chuvosa deste ano. No entanto, dados prelimares mostram que a quadra fechou com n\u00famero dentro da m\u00e9dia estimada para todo o Cear\u00e1. O volume observado nos quatros meses, entre fevereiro e maio, chegou a 676,3 mil\u00edmetros. A m\u00e9dia da quadra gira em torno de 505,6 e 695,8 mm.<br \/>\nNo in\u00edcio do ano, a Funceme havia previsto que o Estado poderia ultrapassar a m\u00e9dia em 30%. At\u00e9 o \u00faltimo dia 30 de maio, faltavam cerca de 19,5 mm para que esse n\u00famero fosse alcan\u00e7ado.<br \/>\nDe acordo com os dados, mar\u00e7o foi o m\u00eas com o maior \u00edndice pluviom\u00e9trico, chegando a 234,5 mm. J\u00e1 em abril, esse n\u00famero chegou a 189,7 mil\u00edmetros, seguido de fevereiro, que atingiu 172,4 mm.<\/p>\n","protected":false},"excerpt":{"rendered":"<p>A Funceme divulga na pr\u00f3xima quarta-feira, dia 5 de junho, o balan\u00e7o oficial da quadra chuvosa deste ano. No entanto, dados prelimares mostram que a quadra fechou com n\u00famero dentro da m\u00e9dia estimada para todo o Cear\u00e1. O volume observado nos quatros meses, entre fevereiro e maio, chegou a 676,3 mil\u00edmetros. A m\u00e9dia da quadra gira em torno de 505,6 e 695,8 mm. No in\u00edcio do ano, a Funceme havia previsto que o Estado poderia ultrapassar a m\u00e9dia em&hellip;<\/p>\n","protected":false},"author":1,"featured_media":0,"comment_status":"open","ping_status":"open","sticky":false,"template":"","format":"standard","meta":{"footnotes":""},"categories":[1],"tags":[],"class_list":["post-12924","post","type-post","status-publish","format-standard","hentry","category-noticias"],"_links":{"self":[{"href":"https:\/\/blogdorogeriogomes.com.br\/noticias\/wp-json\/wp\/v2\/posts\/12924","targetHints":{"allow":["GET"]}}],"collection":[{"href":"https:\/\/blogdorogeriogomes.com.br\/noticias\/wp-json\/wp\/v2\/posts"}],"about":[{"href":"https:\/\/blogdorogeriogomes.com.br\/noticias\/wp-json\/wp\/v2\/types\/post"}],"author":[{"embeddable":true,"href":"https:\/\/blogdorogeriogomes.com.br\/noticias\/wp-json\/wp\/v2\/users\/1"}],"replies":[{"embeddable":true,"href":"https:\/\/blogdorogeriogomes.com.br\/noticias\/wp-json\/wp\/v2\/comments?post=12924"}],"version-history":[{"count":1,"href":"https:\/\/blogdorogeriogomes.com.br\/noticias\/wp-json\/wp\/v2\/posts\/12924\/revisions"}],"predecessor-version":[{"id":12926,"href":"https:\/\/blogdorogeriogomes.com.br\/noticias\/wp-json\/wp\/v2\/posts\/12924\/revisions\/12926"}],"wp:attachment":[{"href":"https:\/\/blogdorogeriogomes.com.br\/noticias\/wp-json\/wp\/v2\/media?parent=12924"}],"wp:term":[{"taxonomy":"category","embeddable":true,"href":"https:\/\/blogdorogeriogomes.com.br\/noticias\/wp-json\/wp\/v2\/categories?post=12924"},{"taxonomy":"post_tag","embeddable":true,"href":"https:\/\/blogdorogeriogomes.com.br\/noticias\/wp-json\/wp\/v2\/tags?post=12924"}],"curies":[{"name":"wp","href":"https:\/\/api.w.org\/{rel}","templated":true}]}}