{"id":12928,"date":"2019-06-02T12:23:14","date_gmt":"2019-06-02T12:23:14","guid":{"rendered":"http:\/\/blogdorogeriogomes.com.br\/?p=12928"},"modified":"2019-06-02T12:23:14","modified_gmt":"2019-06-02T12:23:14","slug":"bolsonaro-comenta-a-queda-do-pib-com-um-ja-falei-que-nao-entendia-de-economia","status":"publish","type":"post","link":"https:\/\/blogdorogeriogomes.com.br\/noticias\/2019\/06\/bolsonaro-comenta-a-queda-do-pib-com-um-ja-falei-que-nao-entendia-de-economia\/","title":{"rendered":"Bolsonaro comenta a queda do PIB com um &#8220;j\u00e1 falei que n\u00e3o entendia de economia?&#8221;"},"content":{"rendered":"<p><img loading=\"lazy\" decoding=\"async\" class=\"alignnone size-medium wp-image-12929\" src=\"http:\/\/blogdorogeriogomes.com.br\/wp-content\/uploads\/2019\/06\/IMG_20190602_091643_373-300x296.jpg\" alt=\"IMG_20190602_091643_373\" width=\"300\" height=\"296\" srcset=\"https:\/\/blogdorogeriogomes.com.br\/noticias\/wp-content\/uploads\/2019\/06\/IMG_20190602_091643_373-300x296.jpg 300w, https:\/\/blogdorogeriogomes.com.br\/noticias\/wp-content\/uploads\/2019\/06\/IMG_20190602_091643_373.jpg 426w\" sizes=\"auto, (max-width: 300px) 100vw, 300px\" \/><\/p>\n<p>Os \u00edndices de desemprego continuam crescentes no Pa\u00eds e n\u00e3o se v\u00ea ainda cen\u00e1rio de rea\u00e7\u00e3o. A constru\u00e7\u00e3o civil, um dos principais motores da economia e que ainda det\u00e9m o poder de empregar milh\u00f5es, perdeu f\u00f4lego no decorrer deste in\u00edcio do ano e vai gerar menos riqueza e trabalho.<br \/>\nO setor esperava que seu PIB (Produto Interno Bruto) crescesse 2% em 2019. Agora, a estimativa \u00e9 de 0,5% a 1%. O n\u00famero de cria\u00e7\u00e3o de vagas de trabalho no ano tamb\u00e9m desabou: de 100 mil para 25 mil.<br \/>\nEnquanto isso, o presidente Jair Bolsonaro se omite na responsabilidade. Sobre a recente not\u00edcia de que a o PIB brasileiro sofreu uma queda de 0,2% no primeiro trimestre do ano, ele transfere o desafio para o ministro da Economia, Paulo Guedes.<br \/>\n&#8220;J\u00e1 falei que n\u00e3o entendia de economia? Quem entendia afundou o Brasil, eu confio 100% na economia do Paulo Guedes&#8230; A gente quer melhorar os nossos \u00edndices aqui, agora passa por quest\u00f5es at\u00e9 externas&#8221;, afirmou o presidente.<br \/>\nAchar que aprovar a Reforma da Previd\u00eancia ser\u00e1 a solu\u00e7\u00e3o para todos os problemas da economia \u00e9 que est\u00e1 bem dif\u00edcil de acreditar.<\/p>\n","protected":false},"excerpt":{"rendered":"<p>Os \u00edndices de desemprego continuam crescentes no Pa\u00eds e n\u00e3o se v\u00ea ainda cen\u00e1rio de rea\u00e7\u00e3o. A constru\u00e7\u00e3o civil, um dos principais motores da economia e que ainda det\u00e9m o poder de empregar milh\u00f5es, perdeu f\u00f4lego no decorrer deste in\u00edcio do ano e vai gerar menos riqueza e trabalho. O setor esperava que seu PIB (Produto Interno Bruto) crescesse 2% em 2019. Agora, a estimativa \u00e9 de 0,5% a 1%. O n\u00famero de cria\u00e7\u00e3o de vagas de trabalho no&hellip;<\/p>\n","protected":false},"author":1,"featured_media":0,"comment_status":"open","ping_status":"open","sticky":false,"template":"","format":"standard","meta":{"footnotes":""},"categories":[1],"tags":[],"class_list":["post-12928","post","type-post","status-publish","format-standard","hentry","category-noticias"],"_links":{"self":[{"href":"https:\/\/blogdorogeriogomes.com.br\/noticias\/wp-json\/wp\/v2\/posts\/12928","targetHints":{"allow":["GET"]}}],"collection":[{"href":"https:\/\/blogdorogeriogomes.com.br\/noticias\/wp-json\/wp\/v2\/posts"}],"about":[{"href":"https:\/\/blogdorogeriogomes.com.br\/noticias\/wp-json\/wp\/v2\/types\/post"}],"author":[{"embeddable":true,"href":"https:\/\/blogdorogeriogomes.com.br\/noticias\/wp-json\/wp\/v2\/users\/1"}],"replies":[{"embeddable":true,"href":"https:\/\/blogdorogeriogomes.com.br\/noticias\/wp-json\/wp\/v2\/comments?post=12928"}],"version-history":[{"count":1,"href":"https:\/\/blogdorogeriogomes.com.br\/noticias\/wp-json\/wp\/v2\/posts\/12928\/revisions"}],"predecessor-version":[{"id":12930,"href":"https:\/\/blogdorogeriogomes.com.br\/noticias\/wp-json\/wp\/v2\/posts\/12928\/revisions\/12930"}],"wp:attachment":[{"href":"https:\/\/blogdorogeriogomes.com.br\/noticias\/wp-json\/wp\/v2\/media?parent=12928"}],"wp:term":[{"taxonomy":"category","embeddable":true,"href":"https:\/\/blogdorogeriogomes.com.br\/noticias\/wp-json\/wp\/v2\/categories?post=12928"},{"taxonomy":"post_tag","embeddable":true,"href":"https:\/\/blogdorogeriogomes.com.br\/noticias\/wp-json\/wp\/v2\/tags?post=12928"}],"curies":[{"name":"wp","href":"https:\/\/api.w.org\/{rel}","templated":true}]}}