{"id":12937,"date":"2019-06-03T21:16:03","date_gmt":"2019-06-03T21:16:03","guid":{"rendered":"http:\/\/blogdorogeriogomes.com.br\/?p=12937"},"modified":"2019-06-03T21:16:03","modified_gmt":"2019-06-03T21:16:03","slug":"intervencoes-na-praca-jose-de-alencar-devem-ser-iniciadas-a-partir-de-agosto","status":"publish","type":"post","link":"https:\/\/blogdorogeriogomes.com.br\/noticias\/2019\/06\/intervencoes-na-praca-jose-de-alencar-devem-ser-iniciadas-a-partir-de-agosto\/","title":{"rendered":"Interven\u00e7\u00f5es na Pra\u00e7a Jos\u00e9 de Alencar devem ser iniciadas a partir de agosto"},"content":{"rendered":"<p><img loading=\"lazy\" decoding=\"async\" class=\"alignnone size-medium wp-image-12938\" src=\"http:\/\/blogdorogeriogomes.com.br\/wp-content\/uploads\/2019\/06\/IMG_20190603_181120_764-300x205.jpg\" alt=\"IMG_20190603_181120_764\" width=\"300\" height=\"205\" srcset=\"https:\/\/blogdorogeriogomes.com.br\/noticias\/wp-content\/uploads\/2019\/06\/IMG_20190603_181120_764-300x205.jpg 300w, https:\/\/blogdorogeriogomes.com.br\/noticias\/wp-content\/uploads\/2019\/06\/IMG_20190603_181120_764.jpg 622w\" sizes=\"auto, (max-width: 300px) 100vw, 300px\" \/><\/p>\n<p>A Pra\u00e7a Jos\u00e9 de Alencar, em Fortaleza, vai passar por melhorias, a partir de agosto, de acordo com o prefeito Roberto Cl\u00e1udio. Ele anunciou a interven\u00e7\u00e3o durante almo\u00e7o, nesta segunda-feira, dia 3 de junho, na C\u00e2mara dos Dirigentes Lojistas de Fortaleza (CDL). A a\u00e7\u00e3o faz parte do Projeto Novo Centro, que busca requalificar a parte central da Capital. Feirantes da regi\u00e3o cadastrados v\u00e3o ser levados para um espa\u00e7o na Rua S\u00e3o Paulo. A nova pra\u00e7a vai ganhar tamb\u00e9m um \u201cminiterminal\u201d de \u00f4nibus.<br \/>\nO Projeto Novo Centro foi lan\u00e7ado em agosto de 2018. Al\u00e9m da Jos\u00e9 de Alencar, a Pra\u00e7a dos M\u00e1rtires (Passeio P\u00fablico), Parque das Crian\u00e7as e a Pra\u00e7a do Cristo Redentor tamb\u00e9m v\u00e3o passar por requalifica\u00e7\u00e3o. Atualmente, os cal\u00e7ad\u00f5es das ruas Liberato Barroso e Guilherme Rocha e um trecho da General Sampaio passam por obras.<\/p>\n","protected":false},"excerpt":{"rendered":"<p>A Pra\u00e7a Jos\u00e9 de Alencar, em Fortaleza, vai passar por melhorias, a partir de agosto, de acordo com o prefeito Roberto Cl\u00e1udio. Ele anunciou a interven\u00e7\u00e3o durante almo\u00e7o, nesta segunda-feira, dia 3 de junho, na C\u00e2mara dos Dirigentes Lojistas de Fortaleza (CDL). A a\u00e7\u00e3o faz parte do Projeto Novo Centro, que busca requalificar a parte central da Capital. Feirantes da regi\u00e3o cadastrados v\u00e3o ser levados para um espa\u00e7o na Rua S\u00e3o Paulo. A nova pra\u00e7a vai ganhar tamb\u00e9m um&hellip;<\/p>\n","protected":false},"author":1,"featured_media":0,"comment_status":"open","ping_status":"open","sticky":false,"template":"","format":"standard","meta":{"footnotes":""},"categories":[1],"tags":[],"class_list":["post-12937","post","type-post","status-publish","format-standard","hentry","category-noticias"],"_links":{"self":[{"href":"https:\/\/blogdorogeriogomes.com.br\/noticias\/wp-json\/wp\/v2\/posts\/12937","targetHints":{"allow":["GET"]}}],"collection":[{"href":"https:\/\/blogdorogeriogomes.com.br\/noticias\/wp-json\/wp\/v2\/posts"}],"about":[{"href":"https:\/\/blogdorogeriogomes.com.br\/noticias\/wp-json\/wp\/v2\/types\/post"}],"author":[{"embeddable":true,"href":"https:\/\/blogdorogeriogomes.com.br\/noticias\/wp-json\/wp\/v2\/users\/1"}],"replies":[{"embeddable":true,"href":"https:\/\/blogdorogeriogomes.com.br\/noticias\/wp-json\/wp\/v2\/comments?post=12937"}],"version-history":[{"count":1,"href":"https:\/\/blogdorogeriogomes.com.br\/noticias\/wp-json\/wp\/v2\/posts\/12937\/revisions"}],"predecessor-version":[{"id":12939,"href":"https:\/\/blogdorogeriogomes.com.br\/noticias\/wp-json\/wp\/v2\/posts\/12937\/revisions\/12939"}],"wp:attachment":[{"href":"https:\/\/blogdorogeriogomes.com.br\/noticias\/wp-json\/wp\/v2\/media?parent=12937"}],"wp:term":[{"taxonomy":"category","embeddable":true,"href":"https:\/\/blogdorogeriogomes.com.br\/noticias\/wp-json\/wp\/v2\/categories?post=12937"},{"taxonomy":"post_tag","embeddable":true,"href":"https:\/\/blogdorogeriogomes.com.br\/noticias\/wp-json\/wp\/v2\/tags?post=12937"}],"curies":[{"name":"wp","href":"https:\/\/api.w.org\/{rel}","templated":true}]}}