{"id":12940,"date":"2019-06-03T21:36:05","date_gmt":"2019-06-03T21:36:05","guid":{"rendered":"http:\/\/blogdorogeriogomes.com.br\/?p=12940"},"modified":"2019-06-03T21:36:05","modified_gmt":"2019-06-03T21:36:05","slug":"prefeitos-cearenses-discutem-desafios-de-gestao-em-seminario-no-centro-de-eventos-do-ceara","status":"publish","type":"post","link":"https:\/\/blogdorogeriogomes.com.br\/noticias\/2019\/06\/prefeitos-cearenses-discutem-desafios-de-gestao-em-seminario-no-centro-de-eventos-do-ceara\/","title":{"rendered":"Prefeitos cearenses discutem desafios de gest\u00e3o em semin\u00e1rio no Centro de Eventos do Cear\u00e1"},"content":{"rendered":"<p><img loading=\"lazy\" decoding=\"async\" class=\"alignnone size-medium wp-image-12941\" src=\"http:\/\/blogdorogeriogomes.com.br\/wp-content\/uploads\/2019\/06\/IMG_20190603_183008_534-300x200.jpg\" alt=\"IMG_20190603_183008_534\" width=\"300\" height=\"200\" srcset=\"https:\/\/blogdorogeriogomes.com.br\/noticias\/wp-content\/uploads\/2019\/06\/IMG_20190603_183008_534-300x200.jpg 300w, https:\/\/blogdorogeriogomes.com.br\/noticias\/wp-content\/uploads\/2019\/06\/IMG_20190603_183008_534-768x512.jpg 768w, https:\/\/blogdorogeriogomes.com.br\/noticias\/wp-content\/uploads\/2019\/06\/IMG_20190603_183008_534-1024x682.jpg 1024w, https:\/\/blogdorogeriogomes.com.br\/noticias\/wp-content\/uploads\/2019\/06\/IMG_20190603_183008_534.jpg 1280w\" sizes=\"auto, (max-width: 300px) 100vw, 300px\" \/><\/p>\n<p>O Semin\u00e1rio de Gestores P\u00fablicos &#8211; Prefeitos Cear\u00e1 2019 foi aberto nesta segunda-feira, dia 3 de junho, no Centro de Eventos do Cear\u00e1, com a participa\u00e7\u00e3o dos 184 prefeitos do Estado. Contou com a presen\u00e7a do governador Camilo Santana, do presidente da Assembleia Legislativa, Jos\u00e9 Sarto, e do prefeito de Fortaleza, Roberto Cl\u00e1udio.<br \/>\nCamilo Santana defendeu o fortalecimento do Pacto Federativo para viabilizar as pol\u00edticas p\u00fablicas e para que elas apresentem bons resultados nos munic\u00edpios cearenses.<br \/>\nO presidente da AL, Jos\u00e9 Sarto, enalteceu a oportunidade de se discutir desafios e compartilhar experi\u00eancias inovadoras.<br \/>\n\u201cO Semin\u00e1rio de Gestores P\u00fablicos \u00e9 uma \u00f3tima oportunidade de buscar solu\u00e7\u00f5es criativas para lidar com a escassez de recursos. J\u00e1 que \u00e9 no munic\u00edpio que se sente de forma mais aguda a crise econ\u00f4mica e a quest\u00e3o do desemprego. \u00c9 importante um momento como esse para se repartir experi\u00eancias exitosas e a gente poder escolher as que melhor se encaixam na nossa realidade\u201d, defendeu o presidente da Assembleia.<br \/>\nSegundo Sarto, o espa\u00e7o serve para replicar boas pr\u00e1ticas, obter experi\u00eancias inovadoras e discutir desafios que se apresentam todos os dias nas cidades. \u201c\u00c9 no munic\u00edpio onde a vida acontece. Por isso \u00e9 importante a participa\u00e7\u00e3o de prefeitos. E eu vejo v\u00e1rios por aqui\u201d, argumentou.<\/p>\n","protected":false},"excerpt":{"rendered":"<p>O Semin\u00e1rio de Gestores P\u00fablicos &#8211; Prefeitos Cear\u00e1 2019 foi aberto nesta segunda-feira, dia 3 de junho, no Centro de Eventos do Cear\u00e1, com a participa\u00e7\u00e3o dos 184 prefeitos do Estado. Contou com a presen\u00e7a do governador Camilo Santana, do presidente da Assembleia Legislativa, Jos\u00e9 Sarto, e do prefeito de Fortaleza, Roberto Cl\u00e1udio. Camilo Santana defendeu o fortalecimento do Pacto Federativo para viabilizar as pol\u00edticas p\u00fablicas e para que elas apresentem bons resultados nos munic\u00edpios cearenses. O presidente da&hellip;<\/p>\n","protected":false},"author":1,"featured_media":0,"comment_status":"open","ping_status":"open","sticky":false,"template":"","format":"standard","meta":{"footnotes":""},"categories":[1],"tags":[],"class_list":["post-12940","post","type-post","status-publish","format-standard","hentry","category-noticias"],"_links":{"self":[{"href":"https:\/\/blogdorogeriogomes.com.br\/noticias\/wp-json\/wp\/v2\/posts\/12940","targetHints":{"allow":["GET"]}}],"collection":[{"href":"https:\/\/blogdorogeriogomes.com.br\/noticias\/wp-json\/wp\/v2\/posts"}],"about":[{"href":"https:\/\/blogdorogeriogomes.com.br\/noticias\/wp-json\/wp\/v2\/types\/post"}],"author":[{"embeddable":true,"href":"https:\/\/blogdorogeriogomes.com.br\/noticias\/wp-json\/wp\/v2\/users\/1"}],"replies":[{"embeddable":true,"href":"https:\/\/blogdorogeriogomes.com.br\/noticias\/wp-json\/wp\/v2\/comments?post=12940"}],"version-history":[{"count":1,"href":"https:\/\/blogdorogeriogomes.com.br\/noticias\/wp-json\/wp\/v2\/posts\/12940\/revisions"}],"predecessor-version":[{"id":12942,"href":"https:\/\/blogdorogeriogomes.com.br\/noticias\/wp-json\/wp\/v2\/posts\/12940\/revisions\/12942"}],"wp:attachment":[{"href":"https:\/\/blogdorogeriogomes.com.br\/noticias\/wp-json\/wp\/v2\/media?parent=12940"}],"wp:term":[{"taxonomy":"category","embeddable":true,"href":"https:\/\/blogdorogeriogomes.com.br\/noticias\/wp-json\/wp\/v2\/categories?post=12940"},{"taxonomy":"post_tag","embeddable":true,"href":"https:\/\/blogdorogeriogomes.com.br\/noticias\/wp-json\/wp\/v2\/tags?post=12940"}],"curies":[{"name":"wp","href":"https:\/\/api.w.org\/{rel}","templated":true}]}}