{"id":12943,"date":"2019-06-04T09:18:05","date_gmt":"2019-06-04T09:18:05","guid":{"rendered":"http:\/\/blogdorogeriogomes.com.br\/?p=12943"},"modified":"2019-06-04T09:18:05","modified_gmt":"2019-06-04T09:18:05","slug":"governo-federal-faz-acordo-e-consegue-aprovar-mp-do-inss-no-senado","status":"publish","type":"post","link":"https:\/\/blogdorogeriogomes.com.br\/noticias\/2019\/06\/governo-federal-faz-acordo-e-consegue-aprovar-mp-do-inss-no-senado\/","title":{"rendered":"Governo Federal faz acordo e consegue aprovar MP do INSS no Senado"},"content":{"rendered":"<p><img loading=\"lazy\" decoding=\"async\" class=\"alignnone size-medium wp-image-12944\" src=\"http:\/\/blogdorogeriogomes.com.br\/wp-content\/uploads\/2019\/06\/IMG_20190604_061348_656-300x213.jpg\" alt=\"IMG_20190604_061348_656\" width=\"300\" height=\"213\" srcset=\"https:\/\/blogdorogeriogomes.com.br\/noticias\/wp-content\/uploads\/2019\/06\/IMG_20190604_061348_656-300x213.jpg 300w, https:\/\/blogdorogeriogomes.com.br\/noticias\/wp-content\/uploads\/2019\/06\/IMG_20190604_061348_656-768x544.jpg 768w, https:\/\/blogdorogeriogomes.com.br\/noticias\/wp-content\/uploads\/2019\/06\/IMG_20190604_061348_656.jpg 804w\" sizes=\"auto, (max-width: 300px) 100vw, 300px\" \/><\/p>\n<p>O Governo Federal travou uma batalha para aprovar a Medida Provis\u00f3ria (MP) 871, que autoriza um pente-fino em benef\u00edcios do INSS (Instituto Nacional do Seguro Social), no Senado Federal. A medida passou com 55 votos a favor e 12 contra, mas at\u00e9 algumas horas antes de a medida caducar, o governo ainda n\u00e3o sabia se haveria 41 senadores presentes na sess\u00e3o &#8211; o m\u00ednimo necess\u00e1rio para que a vota\u00e7\u00e3o ocorresse.<br \/>\nNo entanto, a aprova\u00e7\u00e3o se deu por conta de um acordo com a oposi\u00e7\u00e3o na Casa. ParaPara garantir qu\u00f3rum no \u00faltimo dia de validade da MP, o governo aceitou alterar o texto da reforma da Previd\u00eancia que tramita na C\u00e2mara e ampliar o prazo de cadastro de trabalhadores rurais e pescadores.<br \/>\nA mudan\u00e7a deve ser feita pelo relator da mat\u00e9ria na comiss\u00e3o especial, deputado Samuel Moreira (PSDB-SP). O parecer deve ser entregue at\u00e9 quinta-feira, dia 6 de junho, ou, no m\u00e1ximo, at\u00e9 a pr\u00f3xima segunda-feira, dia 10.<\/p>\n","protected":false},"excerpt":{"rendered":"<p>O Governo Federal travou uma batalha para aprovar a Medida Provis\u00f3ria (MP) 871, que autoriza um pente-fino em benef\u00edcios do INSS (Instituto Nacional do Seguro Social), no Senado Federal. A medida passou com 55 votos a favor e 12 contra, mas at\u00e9 algumas horas antes de a medida caducar, o governo ainda n\u00e3o sabia se haveria 41 senadores presentes na sess\u00e3o &#8211; o m\u00ednimo necess\u00e1rio para que a vota\u00e7\u00e3o ocorresse. No entanto, a aprova\u00e7\u00e3o se deu por conta de&hellip;<\/p>\n","protected":false},"author":1,"featured_media":0,"comment_status":"open","ping_status":"open","sticky":false,"template":"","format":"standard","meta":{"footnotes":""},"categories":[1],"tags":[],"class_list":["post-12943","post","type-post","status-publish","format-standard","hentry","category-noticias"],"_links":{"self":[{"href":"https:\/\/blogdorogeriogomes.com.br\/noticias\/wp-json\/wp\/v2\/posts\/12943","targetHints":{"allow":["GET"]}}],"collection":[{"href":"https:\/\/blogdorogeriogomes.com.br\/noticias\/wp-json\/wp\/v2\/posts"}],"about":[{"href":"https:\/\/blogdorogeriogomes.com.br\/noticias\/wp-json\/wp\/v2\/types\/post"}],"author":[{"embeddable":true,"href":"https:\/\/blogdorogeriogomes.com.br\/noticias\/wp-json\/wp\/v2\/users\/1"}],"replies":[{"embeddable":true,"href":"https:\/\/blogdorogeriogomes.com.br\/noticias\/wp-json\/wp\/v2\/comments?post=12943"}],"version-history":[{"count":1,"href":"https:\/\/blogdorogeriogomes.com.br\/noticias\/wp-json\/wp\/v2\/posts\/12943\/revisions"}],"predecessor-version":[{"id":12945,"href":"https:\/\/blogdorogeriogomes.com.br\/noticias\/wp-json\/wp\/v2\/posts\/12943\/revisions\/12945"}],"wp:attachment":[{"href":"https:\/\/blogdorogeriogomes.com.br\/noticias\/wp-json\/wp\/v2\/media?parent=12943"}],"wp:term":[{"taxonomy":"category","embeddable":true,"href":"https:\/\/blogdorogeriogomes.com.br\/noticias\/wp-json\/wp\/v2\/categories?post=12943"},{"taxonomy":"post_tag","embeddable":true,"href":"https:\/\/blogdorogeriogomes.com.br\/noticias\/wp-json\/wp\/v2\/tags?post=12943"}],"curies":[{"name":"wp","href":"https:\/\/api.w.org\/{rel}","templated":true}]}}