{"id":12946,"date":"2019-06-04T09:27:29","date_gmt":"2019-06-04T09:27:29","guid":{"rendered":"http:\/\/blogdorogeriogomes.com.br\/?p=12946"},"modified":"2019-06-04T09:27:29","modified_gmt":"2019-06-04T09:27:29","slug":"camilo-santana-admite-rever-convocacao-de-aprovados-para-concursos-no-segundo-semestre","status":"publish","type":"post","link":"https:\/\/blogdorogeriogomes.com.br\/noticias\/2019\/06\/camilo-santana-admite-rever-convocacao-de-aprovados-para-concursos-no-segundo-semestre\/","title":{"rendered":"Camilo Santana admite rever convoca\u00e7\u00e3o de aprovados para concursos no segundo semestre"},"content":{"rendered":"<p><img loading=\"lazy\" decoding=\"async\" class=\"alignnone size-medium wp-image-12947\" src=\"http:\/\/blogdorogeriogomes.com.br\/wp-content\/uploads\/2019\/06\/IMG_20190604_062409_884-300x219.jpg\" alt=\"IMG_20190604_062409_884\" width=\"300\" height=\"219\" srcset=\"https:\/\/blogdorogeriogomes.com.br\/noticias\/wp-content\/uploads\/2019\/06\/IMG_20190604_062409_884-300x219.jpg 300w, https:\/\/blogdorogeriogomes.com.br\/noticias\/wp-content\/uploads\/2019\/06\/IMG_20190604_062409_884-768x561.jpg 768w, https:\/\/blogdorogeriogomes.com.br\/noticias\/wp-content\/uploads\/2019\/06\/IMG_20190604_062409_884-1024x748.jpg 1024w, https:\/\/blogdorogeriogomes.com.br\/noticias\/wp-content\/uploads\/2019\/06\/IMG_20190604_062409_884.jpg 1095w\" sizes=\"auto, (max-width: 300px) 100vw, 300px\" \/><\/p>\n<p>O governador do Cear\u00e1, Camilo Santana, j\u00e1 admite rever algumas convoca\u00e7\u00f5es de concursados para o segundo semestre. Um pacote fiscal anunciado pelo Governo do Estado suspendeu temporariamente a realiza\u00e7\u00e3o de concursos e o chamado de aprovados. Estavam previstas para esse ano, por exemplo, provas para a Pol\u00edcia Militar e para a Secretaria de Desenvolvimento Agr\u00e1rio.<br \/>\n\u201cAgora, no segundo semestre, vamos avaliar e anunciar os momentos corretos, adequados, para fazer a convoca\u00e7\u00e3o\u201d, disse Camilo.<br \/>\nO secret\u00e1rio do planejamento e gest\u00e3o, Mauro Filho, anunciou pacote de medidas de ajuste fiscal que prev\u00ea corte de R$ 390 milh\u00f5es nas despesas de manuten\u00e7\u00e3o da m\u00e1quina p\u00fablica. Outro ponto do pacote foi a suspens\u00e3o tempor\u00e1ria de concursos p\u00fablicos no Cear\u00e1, assim como da homologa\u00e7\u00e3o dos j\u00e1 realizados e convoca\u00e7\u00e3o dos aprovados.<\/p>\n","protected":false},"excerpt":{"rendered":"<p>O governador do Cear\u00e1, Camilo Santana, j\u00e1 admite rever algumas convoca\u00e7\u00f5es de concursados para o segundo semestre. Um pacote fiscal anunciado pelo Governo do Estado suspendeu temporariamente a realiza\u00e7\u00e3o de concursos e o chamado de aprovados. Estavam previstas para esse ano, por exemplo, provas para a Pol\u00edcia Militar e para a Secretaria de Desenvolvimento Agr\u00e1rio. \u201cAgora, no segundo semestre, vamos avaliar e anunciar os momentos corretos, adequados, para fazer a convoca\u00e7\u00e3o\u201d, disse Camilo. O secret\u00e1rio do planejamento e gest\u00e3o,&hellip;<\/p>\n","protected":false},"author":1,"featured_media":0,"comment_status":"open","ping_status":"open","sticky":false,"template":"","format":"standard","meta":{"footnotes":""},"categories":[1],"tags":[],"class_list":["post-12946","post","type-post","status-publish","format-standard","hentry","category-noticias"],"_links":{"self":[{"href":"https:\/\/blogdorogeriogomes.com.br\/noticias\/wp-json\/wp\/v2\/posts\/12946","targetHints":{"allow":["GET"]}}],"collection":[{"href":"https:\/\/blogdorogeriogomes.com.br\/noticias\/wp-json\/wp\/v2\/posts"}],"about":[{"href":"https:\/\/blogdorogeriogomes.com.br\/noticias\/wp-json\/wp\/v2\/types\/post"}],"author":[{"embeddable":true,"href":"https:\/\/blogdorogeriogomes.com.br\/noticias\/wp-json\/wp\/v2\/users\/1"}],"replies":[{"embeddable":true,"href":"https:\/\/blogdorogeriogomes.com.br\/noticias\/wp-json\/wp\/v2\/comments?post=12946"}],"version-history":[{"count":1,"href":"https:\/\/blogdorogeriogomes.com.br\/noticias\/wp-json\/wp\/v2\/posts\/12946\/revisions"}],"predecessor-version":[{"id":12948,"href":"https:\/\/blogdorogeriogomes.com.br\/noticias\/wp-json\/wp\/v2\/posts\/12946\/revisions\/12948"}],"wp:attachment":[{"href":"https:\/\/blogdorogeriogomes.com.br\/noticias\/wp-json\/wp\/v2\/media?parent=12946"}],"wp:term":[{"taxonomy":"category","embeddable":true,"href":"https:\/\/blogdorogeriogomes.com.br\/noticias\/wp-json\/wp\/v2\/categories?post=12946"},{"taxonomy":"post_tag","embeddable":true,"href":"https:\/\/blogdorogeriogomes.com.br\/noticias\/wp-json\/wp\/v2\/tags?post=12946"}],"curies":[{"name":"wp","href":"https:\/\/api.w.org\/{rel}","templated":true}]}}