{"id":12949,"date":"2019-06-04T21:48:44","date_gmt":"2019-06-04T21:48:44","guid":{"rendered":"http:\/\/blogdorogeriogomes.com.br\/?p=12949"},"modified":"2019-06-04T21:48:44","modified_gmt":"2019-06-04T21:48:44","slug":"mp-se-mostra-favoravel-a-regime-semiaberto-para-ex-presidente-lula","status":"publish","type":"post","link":"https:\/\/blogdorogeriogomes.com.br\/noticias\/2019\/06\/mp-se-mostra-favoravel-a-regime-semiaberto-para-ex-presidente-lula\/","title":{"rendered":"MP se mostra favor\u00e1vel a regime semiaberto para ex-presidente Lula"},"content":{"rendered":"<p><img loading=\"lazy\" decoding=\"async\" class=\"alignnone size-medium wp-image-12950\" src=\"http:\/\/blogdorogeriogomes.com.br\/wp-content\/uploads\/2019\/06\/IMG_20190604_184529_781-300x204.jpg\" alt=\"IMG_20190604_184529_781\" width=\"300\" height=\"204\" srcset=\"https:\/\/blogdorogeriogomes.com.br\/noticias\/wp-content\/uploads\/2019\/06\/IMG_20190604_184529_781-300x204.jpg 300w, https:\/\/blogdorogeriogomes.com.br\/noticias\/wp-content\/uploads\/2019\/06\/IMG_20190604_184529_781.jpg 666w\" sizes=\"auto, (max-width: 300px) 100vw, 300px\" \/><\/p>\n<p>O Minist\u00e9rio P\u00fablico afirmou nesta ter\u00e7a-feira, dia 4 de junho, que o ex-presidente Luiz In\u00e1cio Lula da Silva j\u00e1 cumpriu tempo o suficiente na pris\u00e3o e tem direito a passar para o regime semiaberto.<br \/>\nA subprocuradora \u00c1urea Lustosa Pierre apresentou ao Superior Tribunal de Justi\u00e7a (STJ) um parecer alegando que o tribunal deve discutir a progress\u00e3o do regime de pris\u00e3o de Lula.<br \/>\nDe acordo com o entendimento do Minist\u00e9rio P\u00fablico, a progress\u00e3o \u00e9 julgada de acordo com outros aspectos al\u00e9m do tempo de pris\u00e3o cumprido, em especial o bom comportamento.<br \/>\nO ex-presidente cumpre pena desde abril de 2018, quando foi condenado em segunda inst\u00e2ncia no caso do triplex do Guaruj\u00e1. Lula teve sua pena mantida este ano, mas sua pena foi reduzida de 10 para 8 anos de pris\u00e3o.<\/p>\n","protected":false},"excerpt":{"rendered":"<p>O Minist\u00e9rio P\u00fablico afirmou nesta ter\u00e7a-feira, dia 4 de junho, que o ex-presidente Luiz In\u00e1cio Lula da Silva j\u00e1 cumpriu tempo o suficiente na pris\u00e3o e tem direito a passar para o regime semiaberto. A subprocuradora \u00c1urea Lustosa Pierre apresentou ao Superior Tribunal de Justi\u00e7a (STJ) um parecer alegando que o tribunal deve discutir a progress\u00e3o do regime de pris\u00e3o de Lula. De acordo com o entendimento do Minist\u00e9rio P\u00fablico, a progress\u00e3o \u00e9 julgada de acordo com outros aspectos&hellip;<\/p>\n","protected":false},"author":1,"featured_media":0,"comment_status":"open","ping_status":"open","sticky":false,"template":"","format":"standard","meta":{"footnotes":""},"categories":[1],"tags":[],"class_list":["post-12949","post","type-post","status-publish","format-standard","hentry","category-noticias"],"_links":{"self":[{"href":"https:\/\/blogdorogeriogomes.com.br\/noticias\/wp-json\/wp\/v2\/posts\/12949","targetHints":{"allow":["GET"]}}],"collection":[{"href":"https:\/\/blogdorogeriogomes.com.br\/noticias\/wp-json\/wp\/v2\/posts"}],"about":[{"href":"https:\/\/blogdorogeriogomes.com.br\/noticias\/wp-json\/wp\/v2\/types\/post"}],"author":[{"embeddable":true,"href":"https:\/\/blogdorogeriogomes.com.br\/noticias\/wp-json\/wp\/v2\/users\/1"}],"replies":[{"embeddable":true,"href":"https:\/\/blogdorogeriogomes.com.br\/noticias\/wp-json\/wp\/v2\/comments?post=12949"}],"version-history":[{"count":1,"href":"https:\/\/blogdorogeriogomes.com.br\/noticias\/wp-json\/wp\/v2\/posts\/12949\/revisions"}],"predecessor-version":[{"id":12951,"href":"https:\/\/blogdorogeriogomes.com.br\/noticias\/wp-json\/wp\/v2\/posts\/12949\/revisions\/12951"}],"wp:attachment":[{"href":"https:\/\/blogdorogeriogomes.com.br\/noticias\/wp-json\/wp\/v2\/media?parent=12949"}],"wp:term":[{"taxonomy":"category","embeddable":true,"href":"https:\/\/blogdorogeriogomes.com.br\/noticias\/wp-json\/wp\/v2\/categories?post=12949"},{"taxonomy":"post_tag","embeddable":true,"href":"https:\/\/blogdorogeriogomes.com.br\/noticias\/wp-json\/wp\/v2\/tags?post=12949"}],"curies":[{"name":"wp","href":"https:\/\/api.w.org\/{rel}","templated":true}]}}