{"id":12952,"date":"2019-06-04T23:47:32","date_gmt":"2019-06-04T23:47:32","guid":{"rendered":"http:\/\/blogdorogeriogomes.com.br\/?p=12952"},"modified":"2019-06-04T23:47:32","modified_gmt":"2019-06-04T23:47:32","slug":"estado-confirma-liberacao-da-primeira-parcela-do-13-salario-de-servidores-no-dia-5-de-julho","status":"publish","type":"post","link":"https:\/\/blogdorogeriogomes.com.br\/noticias\/2019\/06\/estado-confirma-liberacao-da-primeira-parcela-do-13-salario-de-servidores-no-dia-5-de-julho\/","title":{"rendered":"Estado confirma libera\u00e7\u00e3o da primeira parcela do 13\u00b0 sal\u00e1rio de servidores no dia 5 de julho"},"content":{"rendered":"<p><img loading=\"lazy\" decoding=\"async\" class=\"alignnone size-medium wp-image-12953\" src=\"http:\/\/blogdorogeriogomes.com.br\/wp-content\/uploads\/2019\/06\/IMG_20190604_204257_494-300x200.jpg\" alt=\"IMG_20190604_204257_494\" width=\"300\" height=\"200\" srcset=\"https:\/\/blogdorogeriogomes.com.br\/noticias\/wp-content\/uploads\/2019\/06\/IMG_20190604_204257_494-300x200.jpg 300w, https:\/\/blogdorogeriogomes.com.br\/noticias\/wp-content\/uploads\/2019\/06\/IMG_20190604_204257_494.jpg 740w\" sizes=\"auto, (max-width: 300px) 100vw, 300px\" \/><\/p>\n<p>O governador do Cear\u00e1, Camilo Santana, confirmou a libera\u00e7\u00e3o da primeira parcela do 13\u00b0 sal\u00e1rio dos servidores p\u00fablicos estaduais, a partir do dia 5 de julho. Cerca de R$ 450 milh\u00f5es de reais ser\u00e3o injetados na economia cearense em julho, somados aos sal\u00e1rios do m\u00eas dos mais de 160 mil servidores.<br \/>\nCamilo Santana voltou a se manifestar, nesta ter\u00e7a-feira, dia 4 de junho, sobre a suspens\u00e3o de novos concursos p\u00fablicos e convoca\u00e7\u00f5es de aprovados no Cear\u00e1. A Secretaria de Planejamento do Cear\u00e1 (Seplag) estuda exce\u00e7\u00f5es \u00e0 suspens\u00e3o de nomea\u00e7\u00f5es de novos servidores do Estado. Aprovados no \u00faltimo concurso do Corpo de Bombeiros t\u00eam at\u00e9 este m\u00eas para serem chamados. Outros concursos como o da Seduc, Secult, Detran e Ematerce tamb\u00e9m aguardam respostas sobre poss\u00edveis convoca\u00e7\u00f5es.<\/p>\n","protected":false},"excerpt":{"rendered":"<p>O governador do Cear\u00e1, Camilo Santana, confirmou a libera\u00e7\u00e3o da primeira parcela do 13\u00b0 sal\u00e1rio dos servidores p\u00fablicos estaduais, a partir do dia 5 de julho. Cerca de R$ 450 milh\u00f5es de reais ser\u00e3o injetados na economia cearense em julho, somados aos sal\u00e1rios do m\u00eas dos mais de 160 mil servidores. Camilo Santana voltou a se manifestar, nesta ter\u00e7a-feira, dia 4 de junho, sobre a suspens\u00e3o de novos concursos p\u00fablicos e convoca\u00e7\u00f5es de aprovados no Cear\u00e1. A Secretaria de&hellip;<\/p>\n","protected":false},"author":1,"featured_media":0,"comment_status":"open","ping_status":"open","sticky":false,"template":"","format":"standard","meta":{"footnotes":""},"categories":[1],"tags":[],"class_list":["post-12952","post","type-post","status-publish","format-standard","hentry","category-noticias"],"_links":{"self":[{"href":"https:\/\/blogdorogeriogomes.com.br\/noticias\/wp-json\/wp\/v2\/posts\/12952","targetHints":{"allow":["GET"]}}],"collection":[{"href":"https:\/\/blogdorogeriogomes.com.br\/noticias\/wp-json\/wp\/v2\/posts"}],"about":[{"href":"https:\/\/blogdorogeriogomes.com.br\/noticias\/wp-json\/wp\/v2\/types\/post"}],"author":[{"embeddable":true,"href":"https:\/\/blogdorogeriogomes.com.br\/noticias\/wp-json\/wp\/v2\/users\/1"}],"replies":[{"embeddable":true,"href":"https:\/\/blogdorogeriogomes.com.br\/noticias\/wp-json\/wp\/v2\/comments?post=12952"}],"version-history":[{"count":1,"href":"https:\/\/blogdorogeriogomes.com.br\/noticias\/wp-json\/wp\/v2\/posts\/12952\/revisions"}],"predecessor-version":[{"id":12954,"href":"https:\/\/blogdorogeriogomes.com.br\/noticias\/wp-json\/wp\/v2\/posts\/12952\/revisions\/12954"}],"wp:attachment":[{"href":"https:\/\/blogdorogeriogomes.com.br\/noticias\/wp-json\/wp\/v2\/media?parent=12952"}],"wp:term":[{"taxonomy":"category","embeddable":true,"href":"https:\/\/blogdorogeriogomes.com.br\/noticias\/wp-json\/wp\/v2\/categories?post=12952"},{"taxonomy":"post_tag","embeddable":true,"href":"https:\/\/blogdorogeriogomes.com.br\/noticias\/wp-json\/wp\/v2\/tags?post=12952"}],"curies":[{"name":"wp","href":"https:\/\/api.w.org\/{rel}","templated":true}]}}