{"id":12956,"date":"2019-06-05T08:59:05","date_gmt":"2019-06-05T08:59:05","guid":{"rendered":"http:\/\/blogdorogeriogomes.com.br\/?p=12956"},"modified":"2019-06-05T08:59:05","modified_gmt":"2019-06-05T08:59:05","slug":"obras-da-linha-leste-do-metrofor-tem-intervencoes-a-partir-do-dia-9-de-junho","status":"publish","type":"post","link":"https:\/\/blogdorogeriogomes.com.br\/noticias\/2019\/06\/obras-da-linha-leste-do-metrofor-tem-intervencoes-a-partir-do-dia-9-de-junho\/","title":{"rendered":"Obras da Linha Leste do Metrofor t\u00eam interven\u00e7\u00f5es a partir do dia 9 de junho"},"content":{"rendered":"<p><img loading=\"lazy\" decoding=\"async\" class=\"alignnone size-medium wp-image-12957\" src=\"http:\/\/blogdorogeriogomes.com.br\/wp-content\/uploads\/2019\/06\/IMG_20190605_055229_507-300x225.jpg\" alt=\"IMG_20190605_055229_507\" width=\"300\" height=\"225\" srcset=\"https:\/\/blogdorogeriogomes.com.br\/noticias\/wp-content\/uploads\/2019\/06\/IMG_20190605_055229_507-300x225.jpg 300w, https:\/\/blogdorogeriogomes.com.br\/noticias\/wp-content\/uploads\/2019\/06\/IMG_20190605_055229_507.jpg 640w\" sizes=\"auto, (max-width: 300px) 100vw, 300px\" \/><\/p>\n<p>As obras da Linha Leste do Metrofor ser\u00e3o reiniciadas no pr\u00f3ximo domingo, dia 9 de junho. As primeiras interven\u00e7\u00f5es envolvem a constru\u00e7\u00e3o da Esta\u00e7\u00e3o do Col\u00e9gio Militar. Um trecho da avenida Santos Dumont, na Aldeota, ser\u00e1 interditado. O tr\u00e2nsito na via estar\u00e1 sendo redirecionado entre as ruas Dona Leopoldina e Nogueira Acioli, a partir do dia 9 de junho, e tem previs\u00e3o de libera\u00e7\u00e3o em 12 meses.<br \/>\nA Fase 1 da Linha Leste vai ligar o Centro de Fortaleza com o bairro Papicu. A esta\u00e7\u00e3o Col\u00e9gio Militar \u00e9 a terceira das cinco esta\u00e7\u00f5es previstas no percurso da linha, que conta ainda com as esta\u00e7\u00f5es Tirol, Chico da Silva Leste, Nunes Valente e Papicu. O equipamento ser\u00e1 subterr\u00e2neo e ter\u00e1 tr\u00eas pavimentos: bilheteria, mezanino e plataforma de embarque. Para as obras, uma parte da pra\u00e7a que fica em frente ao Col\u00e9gio tamb\u00e9m ser\u00e1 fechada.<\/p>\n","protected":false},"excerpt":{"rendered":"<p>As obras da Linha Leste do Metrofor ser\u00e3o reiniciadas no pr\u00f3ximo domingo, dia 9 de junho. As primeiras interven\u00e7\u00f5es envolvem a constru\u00e7\u00e3o da Esta\u00e7\u00e3o do Col\u00e9gio Militar. Um trecho da avenida Santos Dumont, na Aldeota, ser\u00e1 interditado. O tr\u00e2nsito na via estar\u00e1 sendo redirecionado entre as ruas Dona Leopoldina e Nogueira Acioli, a partir do dia 9 de junho, e tem previs\u00e3o de libera\u00e7\u00e3o em 12 meses. A Fase 1 da Linha Leste vai ligar o Centro de Fortaleza&hellip;<\/p>\n","protected":false},"author":1,"featured_media":0,"comment_status":"open","ping_status":"open","sticky":false,"template":"","format":"standard","meta":{"footnotes":""},"categories":[1],"tags":[],"class_list":["post-12956","post","type-post","status-publish","format-standard","hentry","category-noticias"],"_links":{"self":[{"href":"https:\/\/blogdorogeriogomes.com.br\/noticias\/wp-json\/wp\/v2\/posts\/12956","targetHints":{"allow":["GET"]}}],"collection":[{"href":"https:\/\/blogdorogeriogomes.com.br\/noticias\/wp-json\/wp\/v2\/posts"}],"about":[{"href":"https:\/\/blogdorogeriogomes.com.br\/noticias\/wp-json\/wp\/v2\/types\/post"}],"author":[{"embeddable":true,"href":"https:\/\/blogdorogeriogomes.com.br\/noticias\/wp-json\/wp\/v2\/users\/1"}],"replies":[{"embeddable":true,"href":"https:\/\/blogdorogeriogomes.com.br\/noticias\/wp-json\/wp\/v2\/comments?post=12956"}],"version-history":[{"count":1,"href":"https:\/\/blogdorogeriogomes.com.br\/noticias\/wp-json\/wp\/v2\/posts\/12956\/revisions"}],"predecessor-version":[{"id":12958,"href":"https:\/\/blogdorogeriogomes.com.br\/noticias\/wp-json\/wp\/v2\/posts\/12956\/revisions\/12958"}],"wp:attachment":[{"href":"https:\/\/blogdorogeriogomes.com.br\/noticias\/wp-json\/wp\/v2\/media?parent=12956"}],"wp:term":[{"taxonomy":"category","embeddable":true,"href":"https:\/\/blogdorogeriogomes.com.br\/noticias\/wp-json\/wp\/v2\/categories?post=12956"},{"taxonomy":"post_tag","embeddable":true,"href":"https:\/\/blogdorogeriogomes.com.br\/noticias\/wp-json\/wp\/v2\/tags?post=12956"}],"curies":[{"name":"wp","href":"https:\/\/api.w.org\/{rel}","templated":true}]}}