{"id":12962,"date":"2019-06-05T17:55:07","date_gmt":"2019-06-05T17:55:07","guid":{"rendered":"http:\/\/blogdorogeriogomes.com.br\/?p=12962"},"modified":"2019-06-05T17:55:07","modified_gmt":"2019-06-05T17:55:07","slug":"abastecimento-de-fortaleza-e-rmf-esta-assegurado-ate-metade-de-2020-diz-governo","status":"publish","type":"post","link":"https:\/\/blogdorogeriogomes.com.br\/noticias\/2019\/06\/abastecimento-de-fortaleza-e-rmf-esta-assegurado-ate-metade-de-2020-diz-governo\/","title":{"rendered":"Abastecimento de Fortaleza e RMF est\u00e1 assegurado at\u00e9 metade de 2020, diz Governo"},"content":{"rendered":"<p style=\"text-align: left;\"><img loading=\"lazy\" decoding=\"async\" class=\"alignnone size-medium wp-image-12963\" src=\"http:\/\/blogdorogeriogomes.com.br\/wp-content\/uploads\/2019\/06\/IMG_20190605_144641_295-300x202.jpg\" alt=\"IMG_20190605_144641_295\" width=\"300\" height=\"202\" srcset=\"https:\/\/blogdorogeriogomes.com.br\/noticias\/wp-content\/uploads\/2019\/06\/IMG_20190605_144641_295-300x202.jpg 300w, https:\/\/blogdorogeriogomes.com.br\/noticias\/wp-content\/uploads\/2019\/06\/IMG_20190605_144641_295-768x516.jpg 768w, https:\/\/blogdorogeriogomes.com.br\/noticias\/wp-content\/uploads\/2019\/06\/IMG_20190605_144641_295.jpg 1016w\" sizes=\"auto, (max-width: 300px) 100vw, 300px\" \/><\/p>\n<p>Governo estadual fez um balan\u00e7o nesta quarta-feira, dia 5 de junho, da situa\u00e7\u00e3o h\u00eddrica do Cear\u00e1 ap\u00f3s o encerramento da quadra chuvosa. O aporte nos a\u00e7udes cearenses este ano ficou em 2,75 bilh\u00f5es de metros c\u00fabicos. Parece muito, mas a distribui\u00e7\u00e3o irregular das chuvas deste ano deixaram reservat\u00f3rios importantes para o Cear\u00e1, como o Castanh\u00e3o e o Or\u00f3s, com volumes ainda cr\u00edticos. O Castanh\u00e3o, que \u00e9 o maior do Estado, est\u00e1 com 5,5%. O Or\u00f3s aparece com 9,2%. A m\u00e9dia de armazenagem no Cear\u00e1 est\u00e1 com 21,46% de ocupa\u00e7\u00e3o.<br \/>\nLevantamento feito pela Funceme mostra que no Cear\u00e1 choveu 676,3 mil\u00edmetros com desvio de 13,6% acima da m\u00e9dia hist\u00f3rica nos quatro meses da quadra invernosa, de fevereiro a maio. Na regi\u00e3o do Litoral foi onde mais choveu. Acima de 43% da m\u00e9dia. J\u00e1 no M\u00e9dio Jaguaribe foi onde houve menos registro de precipita\u00e7\u00f5es, com menos de 13% da m\u00e9dia hist\u00f3rica.<br \/>\nCom o encerramento da quadra chuvosa, a situa\u00e7\u00e3o de abastecimento de \u00e1gua em Fortaleza e Regi\u00e3o Metropolitana \u00e9 considerada satisfat\u00f3ria. A Cagece diz ter reserva suficiente at\u00e9 a metade do pr\u00f3ximo ano. Mas fica a pend\u00eancia de uma quadra chuvosa melhor para 2020.<br \/>\nO presidente da Companhia de Abastecimento de \u00c1gua no Cear\u00e1, Neuri Freitas, alerta, no entanto, que \u00e9 necess\u00e1rio manter o consumo respons\u00e1vel. E n\u00e3o descarta a manuten\u00e7\u00e3o da tarifa de conting\u00eancia para quem costuma desperdi\u00e7ar o uso da \u00e1gua.<\/p>\n","protected":false},"excerpt":{"rendered":"<p>Governo estadual fez um balan\u00e7o nesta quarta-feira, dia 5 de junho, da situa\u00e7\u00e3o h\u00eddrica do Cear\u00e1 ap\u00f3s o encerramento da quadra chuvosa. O aporte nos a\u00e7udes cearenses este ano ficou em 2,75 bilh\u00f5es de metros c\u00fabicos. Parece muito, mas a distribui\u00e7\u00e3o irregular das chuvas deste ano deixaram reservat\u00f3rios importantes para o Cear\u00e1, como o Castanh\u00e3o e o Or\u00f3s, com volumes ainda cr\u00edticos. O Castanh\u00e3o, que \u00e9 o maior do Estado, est\u00e1 com 5,5%. O Or\u00f3s aparece com 9,2%. A&hellip;<\/p>\n","protected":false},"author":1,"featured_media":0,"comment_status":"open","ping_status":"open","sticky":false,"template":"","format":"standard","meta":{"footnotes":""},"categories":[1],"tags":[],"class_list":["post-12962","post","type-post","status-publish","format-standard","hentry","category-noticias"],"_links":{"self":[{"href":"https:\/\/blogdorogeriogomes.com.br\/noticias\/wp-json\/wp\/v2\/posts\/12962","targetHints":{"allow":["GET"]}}],"collection":[{"href":"https:\/\/blogdorogeriogomes.com.br\/noticias\/wp-json\/wp\/v2\/posts"}],"about":[{"href":"https:\/\/blogdorogeriogomes.com.br\/noticias\/wp-json\/wp\/v2\/types\/post"}],"author":[{"embeddable":true,"href":"https:\/\/blogdorogeriogomes.com.br\/noticias\/wp-json\/wp\/v2\/users\/1"}],"replies":[{"embeddable":true,"href":"https:\/\/blogdorogeriogomes.com.br\/noticias\/wp-json\/wp\/v2\/comments?post=12962"}],"version-history":[{"count":1,"href":"https:\/\/blogdorogeriogomes.com.br\/noticias\/wp-json\/wp\/v2\/posts\/12962\/revisions"}],"predecessor-version":[{"id":12964,"href":"https:\/\/blogdorogeriogomes.com.br\/noticias\/wp-json\/wp\/v2\/posts\/12962\/revisions\/12964"}],"wp:attachment":[{"href":"https:\/\/blogdorogeriogomes.com.br\/noticias\/wp-json\/wp\/v2\/media?parent=12962"}],"wp:term":[{"taxonomy":"category","embeddable":true,"href":"https:\/\/blogdorogeriogomes.com.br\/noticias\/wp-json\/wp\/v2\/categories?post=12962"},{"taxonomy":"post_tag","embeddable":true,"href":"https:\/\/blogdorogeriogomes.com.br\/noticias\/wp-json\/wp\/v2\/tags?post=12962"}],"curies":[{"name":"wp","href":"https:\/\/api.w.org\/{rel}","templated":true}]}}