{"id":12966,"date":"2019-06-05T22:05:37","date_gmt":"2019-06-05T22:05:37","guid":{"rendered":"http:\/\/blogdorogeriogomes.com.br\/?p=12966"},"modified":"2019-06-05T22:05:37","modified_gmt":"2019-06-05T22:05:37","slug":"executivo-municipal-discute-cronograma-de-investimentos-para-fortaleza-em-2019","status":"publish","type":"post","link":"https:\/\/blogdorogeriogomes.com.br\/noticias\/2019\/06\/executivo-municipal-discute-cronograma-de-investimentos-para-fortaleza-em-2019\/","title":{"rendered":"Executivo municipal discute cronograma de investimentos para Fortaleza em 2019"},"content":{"rendered":"<p><img loading=\"lazy\" decoding=\"async\" class=\"alignnone size-medium wp-image-12967\" src=\"http:\/\/blogdorogeriogomes.com.br\/wp-content\/uploads\/2019\/06\/IMG_20190605_190116_197-300x202.jpg\" alt=\"IMG_20190605_190116_197\" width=\"300\" height=\"202\" srcset=\"https:\/\/blogdorogeriogomes.com.br\/noticias\/wp-content\/uploads\/2019\/06\/IMG_20190605_190116_197-300x202.jpg 300w, https:\/\/blogdorogeriogomes.com.br\/noticias\/wp-content\/uploads\/2019\/06\/IMG_20190605_190116_197-768x518.jpg 768w, https:\/\/blogdorogeriogomes.com.br\/noticias\/wp-content\/uploads\/2019\/06\/IMG_20190605_190116_197-1024x690.jpg 1024w\" sizes=\"auto, (max-width: 300px) 100vw, 300px\" \/><\/p>\n<p>A ordem no Pa\u00e7o Municipal \u00e9 \u201carrega\u00e7ar as mangas\u201d para fazer cumprir o pacote de interven\u00e7\u00f5es, lan\u00e7ado em maio, que prev\u00ea um investimento global \u00e9 de R$ 1,77 bilh\u00e3o em obras em Fortaleza. O prefeito Roberto Cl\u00e1udio reuniu secret\u00e1rios municipais, nesta quarta-feira, dia 5 de junho, para acompanhar o andamento das obras p\u00fablicas previstas e em andamento.<br \/>\nA pasta da Infraestrutura (Seinf) trabalha na constru\u00e7\u00e3o de mais sete Mini Areninhas: Bom Jardim, Conjunto Cear\u00e1, Mondubim, Paupina, Bonsucesso, Ipiranga e Carlito Pamplona. As obras dos novos equipamentos t\u00eam conclus\u00e3o prevista para o segundo semestre deste ano. J\u00e1 no pacote de reforma de 150 pra\u00e7as, 60 delas ter\u00e3o esta\u00e7\u00f5es de leitura. Na Avenida Beira Mar as interven\u00e7\u00f5es seguem no prazo. As obras come\u00e7aram em agosto de 2018.<br \/>\nNa Sa\u00fade, a Aten\u00e7\u00e3o Prim\u00e1ria receber\u00e1 25 postos reformados e novas unidades que ser\u00e3o constru\u00eddas na Alameda das Palmeiras e na Cidade Jardim. O Caps AD da Cidade 2000 ser\u00e1 entregue em agosto e no in\u00edcio de 2020, ser\u00e1 iniciada a constru\u00e7\u00e3o do Caps Infantil do Bom Jardim.<br \/>\nNa Rede de Aten\u00e7\u00e3o Hospitalar, a entrega do Frotinha do Ant\u00f4nio Bezerra est\u00e1 confirmada para setembro. A licita\u00e7\u00e3o para o Frotinha da Parangaba est\u00e1 marcada para esta quinta-feira, dia 6. No segundo semestre, tamb\u00e9m ser\u00e1 entregue a terceira etapa do IJF2, incluindo o novo centro cir\u00fargico.<br \/>\nAs obras da Educa\u00e7\u00e3o contemplam a reforma de 138 escolas e quadras, al\u00e9m da constru\u00e7\u00e3o de 21 novas Escolas de Tempo Integral e 24 Centros de Educa\u00e7\u00e3o Infantil.<\/p>\n","protected":false},"excerpt":{"rendered":"<p>A ordem no Pa\u00e7o Municipal \u00e9 \u201carrega\u00e7ar as mangas\u201d para fazer cumprir o pacote de interven\u00e7\u00f5es, lan\u00e7ado em maio, que prev\u00ea um investimento global \u00e9 de R$ 1,77 bilh\u00e3o em obras em Fortaleza. O prefeito Roberto Cl\u00e1udio reuniu secret\u00e1rios municipais, nesta quarta-feira, dia 5 de junho, para acompanhar o andamento das obras p\u00fablicas previstas e em andamento. A pasta da Infraestrutura (Seinf) trabalha na constru\u00e7\u00e3o de mais sete Mini Areninhas: Bom Jardim, Conjunto Cear\u00e1, Mondubim, Paupina, Bonsucesso, Ipiranga e&hellip;<\/p>\n","protected":false},"author":1,"featured_media":0,"comment_status":"open","ping_status":"open","sticky":false,"template":"","format":"standard","meta":{"footnotes":""},"categories":[1],"tags":[],"class_list":["post-12966","post","type-post","status-publish","format-standard","hentry","category-noticias"],"_links":{"self":[{"href":"https:\/\/blogdorogeriogomes.com.br\/noticias\/wp-json\/wp\/v2\/posts\/12966","targetHints":{"allow":["GET"]}}],"collection":[{"href":"https:\/\/blogdorogeriogomes.com.br\/noticias\/wp-json\/wp\/v2\/posts"}],"about":[{"href":"https:\/\/blogdorogeriogomes.com.br\/noticias\/wp-json\/wp\/v2\/types\/post"}],"author":[{"embeddable":true,"href":"https:\/\/blogdorogeriogomes.com.br\/noticias\/wp-json\/wp\/v2\/users\/1"}],"replies":[{"embeddable":true,"href":"https:\/\/blogdorogeriogomes.com.br\/noticias\/wp-json\/wp\/v2\/comments?post=12966"}],"version-history":[{"count":1,"href":"https:\/\/blogdorogeriogomes.com.br\/noticias\/wp-json\/wp\/v2\/posts\/12966\/revisions"}],"predecessor-version":[{"id":12968,"href":"https:\/\/blogdorogeriogomes.com.br\/noticias\/wp-json\/wp\/v2\/posts\/12966\/revisions\/12968"}],"wp:attachment":[{"href":"https:\/\/blogdorogeriogomes.com.br\/noticias\/wp-json\/wp\/v2\/media?parent=12966"}],"wp:term":[{"taxonomy":"category","embeddable":true,"href":"https:\/\/blogdorogeriogomes.com.br\/noticias\/wp-json\/wp\/v2\/categories?post=12966"},{"taxonomy":"post_tag","embeddable":true,"href":"https:\/\/blogdorogeriogomes.com.br\/noticias\/wp-json\/wp\/v2\/tags?post=12966"}],"curies":[{"name":"wp","href":"https:\/\/api.w.org\/{rel}","templated":true}]}}