{"id":12969,"date":"2019-06-06T09:05:56","date_gmt":"2019-06-06T09:05:56","guid":{"rendered":"http:\/\/blogdorogeriogomes.com.br\/?p=12969"},"modified":"2019-06-06T09:05:56","modified_gmt":"2019-06-06T09:05:56","slug":"escolas-cearenses-recebem-premio-escola-nota-dez-no-centro-de-eventos","status":"publish","type":"post","link":"https:\/\/blogdorogeriogomes.com.br\/noticias\/2019\/06\/escolas-cearenses-recebem-premio-escola-nota-dez-no-centro-de-eventos\/","title":{"rendered":"Escolas cearenses recebem Pr\u00eamio Escola Nota Dez no Centro de Eventos"},"content":{"rendered":"<p><img loading=\"lazy\" decoding=\"async\" class=\"alignnone size-medium wp-image-12970\" src=\"http:\/\/blogdorogeriogomes.com.br\/wp-content\/uploads\/2019\/06\/IMG_20190606_060114_509-300x200.jpg\" alt=\"IMG_20190606_060114_509\" width=\"300\" height=\"200\" srcset=\"https:\/\/blogdorogeriogomes.com.br\/noticias\/wp-content\/uploads\/2019\/06\/IMG_20190606_060114_509-300x200.jpg 300w, https:\/\/blogdorogeriogomes.com.br\/noticias\/wp-content\/uploads\/2019\/06\/IMG_20190606_060114_509.jpg 678w\" sizes=\"auto, (max-width: 300px) 100vw, 300px\" \/><\/p>\n<p>O Governo do Cear\u00e1 realiza, nesta quinta-feira, dia 6 de junho, no Centro de Eventos do Cear\u00e1, a entrega do Pr\u00eamio Escola Nota Dez \u00e0s 337 escolas p\u00fablicas cearenses que se destacaram no ano de 2018.<br \/>\nEm sua d\u00e9cima primeira edi\u00e7\u00e3o, o Pr\u00eamio Escola Nota Dez ser\u00e1 entregue \u00e0s 150 escolas p\u00fablicas com os melhores desempenhos de Alfabetiza\u00e7\u00e3o, 150 do 5\u00ba ano, al\u00e9m de 37 escolas de 9\u00ba ano do Ensino Fundamental (EF).<br \/>\nA premia\u00e7\u00e3o tem como base os resultados da alfabetiza\u00e7\u00e3o ao t\u00e9rmino do 2\u00ba ano, e das disciplinas de L\u00edngua Portuguesa e Matem\u00e1tica, ao final do 5\u00ba e 9\u00ba anos, a partir de informa\u00e7\u00f5es do Sistema Permanente de Avalia\u00e7\u00e3o da Educa\u00e7\u00e3o B\u00e1sica do Estado do Cear\u00e1 (Spaece)<br \/>\nAs escolas receber\u00e3o o pr\u00eamio em dinheiro equivalente a R$ 2.000,00 por cada aluno avaliado. Por outro lado, as unidades de ensino que ainda precisam melhorar seus resultados ser\u00e3o apoiadas, com o valor de R$ 1.000,00. O pagamento das premiadas \u00e9 feito em duas parcelas.<\/p>\n","protected":false},"excerpt":{"rendered":"<p>O Governo do Cear\u00e1 realiza, nesta quinta-feira, dia 6 de junho, no Centro de Eventos do Cear\u00e1, a entrega do Pr\u00eamio Escola Nota Dez \u00e0s 337 escolas p\u00fablicas cearenses que se destacaram no ano de 2018. Em sua d\u00e9cima primeira edi\u00e7\u00e3o, o Pr\u00eamio Escola Nota Dez ser\u00e1 entregue \u00e0s 150 escolas p\u00fablicas com os melhores desempenhos de Alfabetiza\u00e7\u00e3o, 150 do 5\u00ba ano, al\u00e9m de 37 escolas de 9\u00ba ano do Ensino Fundamental (EF). A premia\u00e7\u00e3o tem como base os&hellip;<\/p>\n","protected":false},"author":1,"featured_media":0,"comment_status":"open","ping_status":"open","sticky":false,"template":"","format":"standard","meta":{"footnotes":""},"categories":[1],"tags":[],"class_list":["post-12969","post","type-post","status-publish","format-standard","hentry","category-noticias"],"_links":{"self":[{"href":"https:\/\/blogdorogeriogomes.com.br\/noticias\/wp-json\/wp\/v2\/posts\/12969","targetHints":{"allow":["GET"]}}],"collection":[{"href":"https:\/\/blogdorogeriogomes.com.br\/noticias\/wp-json\/wp\/v2\/posts"}],"about":[{"href":"https:\/\/blogdorogeriogomes.com.br\/noticias\/wp-json\/wp\/v2\/types\/post"}],"author":[{"embeddable":true,"href":"https:\/\/blogdorogeriogomes.com.br\/noticias\/wp-json\/wp\/v2\/users\/1"}],"replies":[{"embeddable":true,"href":"https:\/\/blogdorogeriogomes.com.br\/noticias\/wp-json\/wp\/v2\/comments?post=12969"}],"version-history":[{"count":1,"href":"https:\/\/blogdorogeriogomes.com.br\/noticias\/wp-json\/wp\/v2\/posts\/12969\/revisions"}],"predecessor-version":[{"id":12971,"href":"https:\/\/blogdorogeriogomes.com.br\/noticias\/wp-json\/wp\/v2\/posts\/12969\/revisions\/12971"}],"wp:attachment":[{"href":"https:\/\/blogdorogeriogomes.com.br\/noticias\/wp-json\/wp\/v2\/media?parent=12969"}],"wp:term":[{"taxonomy":"category","embeddable":true,"href":"https:\/\/blogdorogeriogomes.com.br\/noticias\/wp-json\/wp\/v2\/categories?post=12969"},{"taxonomy":"post_tag","embeddable":true,"href":"https:\/\/blogdorogeriogomes.com.br\/noticias\/wp-json\/wp\/v2\/tags?post=12969"}],"curies":[{"name":"wp","href":"https:\/\/api.w.org\/{rel}","templated":true}]}}