{"id":12972,"date":"2019-06-06T09:26:02","date_gmt":"2019-06-06T09:26:02","guid":{"rendered":"http:\/\/blogdorogeriogomes.com.br\/?p=12972"},"modified":"2019-06-06T09:26:02","modified_gmt":"2019-06-06T09:26:02","slug":"presidente-do-senado-federal-critica-falta-de-agenda-do-governo-bolsonaro","status":"publish","type":"post","link":"https:\/\/blogdorogeriogomes.com.br\/noticias\/2019\/06\/presidente-do-senado-federal-critica-falta-de-agenda-do-governo-bolsonaro\/","title":{"rendered":"Presidente do Senado Federal critica falta de agenda do Governo Bolsonaro"},"content":{"rendered":"<p><img loading=\"lazy\" decoding=\"async\" class=\"alignnone size-medium wp-image-12973\" src=\"http:\/\/blogdorogeriogomes.com.br\/wp-content\/uploads\/2019\/06\/IMG_20190606_062158_548-300x210.jpg\" alt=\"IMG_20190606_062158_548\" width=\"300\" height=\"210\" srcset=\"https:\/\/blogdorogeriogomes.com.br\/noticias\/wp-content\/uploads\/2019\/06\/IMG_20190606_062158_548-300x210.jpg 300w, https:\/\/blogdorogeriogomes.com.br\/noticias\/wp-content\/uploads\/2019\/06\/IMG_20190606_062158_548-768x538.jpg 768w, https:\/\/blogdorogeriogomes.com.br\/noticias\/wp-content\/uploads\/2019\/06\/IMG_20190606_062158_548-1024x717.jpg 1024w, https:\/\/blogdorogeriogomes.com.br\/noticias\/wp-content\/uploads\/2019\/06\/IMG_20190606_062158_548.jpg 1543w\" sizes=\"auto, (max-width: 300px) 100vw, 300px\" \/><\/p>\n<p>Depois do presidente da C\u00e2mara dos Deputados, Rodrigo Maia (DEM-RJ), agora foi a vez do presidente do Senado Federal, Davi Alcolumbre (DEM-AP), criticar a falta de agenda do Governo Bolsonaro. Em entrevista a GloboNews, o presidente do Senado se mostrou cr\u00edtico a pontos-chave da gest\u00e3o de Jair Bolsonaro. O Executivo &#8220;n\u00e3o tem uma agenda para o pa\u00eds&#8221;. Disse ainda que o governo comete trapalhada todos os dias e que &#8220;dar liberdade para as pessoas portarem armas n\u00e3o vai ser um epis\u00f3dio bom para o Brasil&#8221;.<br \/>\nSobre a falta de agenda, Alcolumbre afirmou que o Congresso apresentar\u00e1 seu pr\u00f3prio planejamento. &#8220;Se o governo n\u00e3o tiver sua agenda, e parece que n\u00e3o tem, vamos fazer a nossa. N\u00e3o vamos ficar esperando&#8221;, disse Alcolumbre.<br \/>\nO senador pontuou ainda que, diariamente, h\u00e1 &#8220;algum tipo de trapalhada na coordena\u00e7\u00e3o pol\u00edtica&#8221;. Segundo o parlamentar do DEM, h\u00e1 muito &#8220;desencontro&#8221; na articula\u00e7\u00e3o pol\u00edtica do Pal\u00e1cio do Planalto.<\/p>\n","protected":false},"excerpt":{"rendered":"<p>Depois do presidente da C\u00e2mara dos Deputados, Rodrigo Maia (DEM-RJ), agora foi a vez do presidente do Senado Federal, Davi Alcolumbre (DEM-AP), criticar a falta de agenda do Governo Bolsonaro. Em entrevista a GloboNews, o presidente do Senado se mostrou cr\u00edtico a pontos-chave da gest\u00e3o de Jair Bolsonaro. O Executivo &#8220;n\u00e3o tem uma agenda para o pa\u00eds&#8221;. Disse ainda que o governo comete trapalhada todos os dias e que &#8220;dar liberdade para as pessoas portarem armas n\u00e3o vai ser&hellip;<\/p>\n","protected":false},"author":1,"featured_media":0,"comment_status":"open","ping_status":"open","sticky":false,"template":"","format":"standard","meta":{"footnotes":""},"categories":[1],"tags":[],"class_list":["post-12972","post","type-post","status-publish","format-standard","hentry","category-noticias"],"_links":{"self":[{"href":"https:\/\/blogdorogeriogomes.com.br\/noticias\/wp-json\/wp\/v2\/posts\/12972","targetHints":{"allow":["GET"]}}],"collection":[{"href":"https:\/\/blogdorogeriogomes.com.br\/noticias\/wp-json\/wp\/v2\/posts"}],"about":[{"href":"https:\/\/blogdorogeriogomes.com.br\/noticias\/wp-json\/wp\/v2\/types\/post"}],"author":[{"embeddable":true,"href":"https:\/\/blogdorogeriogomes.com.br\/noticias\/wp-json\/wp\/v2\/users\/1"}],"replies":[{"embeddable":true,"href":"https:\/\/blogdorogeriogomes.com.br\/noticias\/wp-json\/wp\/v2\/comments?post=12972"}],"version-history":[{"count":1,"href":"https:\/\/blogdorogeriogomes.com.br\/noticias\/wp-json\/wp\/v2\/posts\/12972\/revisions"}],"predecessor-version":[{"id":12974,"href":"https:\/\/blogdorogeriogomes.com.br\/noticias\/wp-json\/wp\/v2\/posts\/12972\/revisions\/12974"}],"wp:attachment":[{"href":"https:\/\/blogdorogeriogomes.com.br\/noticias\/wp-json\/wp\/v2\/media?parent=12972"}],"wp:term":[{"taxonomy":"category","embeddable":true,"href":"https:\/\/blogdorogeriogomes.com.br\/noticias\/wp-json\/wp\/v2\/categories?post=12972"},{"taxonomy":"post_tag","embeddable":true,"href":"https:\/\/blogdorogeriogomes.com.br\/noticias\/wp-json\/wp\/v2\/tags?post=12972"}],"curies":[{"name":"wp","href":"https:\/\/api.w.org\/{rel}","templated":true}]}}