{"id":12975,"date":"2019-06-06T20:35:06","date_gmt":"2019-06-06T20:35:06","guid":{"rendered":"http:\/\/blogdorogeriogomes.com.br\/?p=12975"},"modified":"2019-06-06T20:35:06","modified_gmt":"2019-06-06T20:35:06","slug":"tre-em-fortaleza-amplia-atendimento-para-atingir-meta-da-biometria-ate-novembro","status":"publish","type":"post","link":"https:\/\/blogdorogeriogomes.com.br\/noticias\/2019\/06\/tre-em-fortaleza-amplia-atendimento-para-atingir-meta-da-biometria-ate-novembro\/","title":{"rendered":"TRE em Fortaleza amplia atendimento para atingir meta da biometria at\u00e9 novembro"},"content":{"rendered":"<p><img loading=\"lazy\" decoding=\"async\" class=\"alignnone size-medium wp-image-12976\" src=\"http:\/\/blogdorogeriogomes.com.br\/wp-content\/uploads\/2019\/06\/IMG_20190606_172941_471-300x177.jpg\" alt=\"IMG_20190606_172941_471\" width=\"300\" height=\"177\" srcset=\"https:\/\/blogdorogeriogomes.com.br\/noticias\/wp-content\/uploads\/2019\/06\/IMG_20190606_172941_471-300x177.jpg 300w, https:\/\/blogdorogeriogomes.com.br\/noticias\/wp-content\/uploads\/2019\/06\/IMG_20190606_172941_471.jpg 447w\" sizes=\"auto, (max-width: 300px) 100vw, 300px\" \/><\/p>\n<p>O Tribunal Regional Eleitoral do Cear\u00e1 ampliou o hor\u00e1rio de atendimento ao eleitor nos postos instalados nos shoppings de Fortaleza. O objetivo \u00e9 dar mais oportunidade para que o eleitor fa\u00e7a o cadastramento biom\u00e9trico, que ainda est\u00e1 baixo na Capital. S\u00f3 vai votar nas elei\u00e7\u00f5es municipais do pr\u00f3ximo ano em Fortaleza quem fizer a revis\u00e3o biom\u00e9trica.<br \/>\nO prazo final para o cadastramento biom\u00e9trico em Fortaleza \u00e9 29 de novembro. Mas o Tribunal Regional Eleitoral diz que apenas 55% do eleitorado da Capital fizeram a revis\u00e3o. H\u00e1 cerca de 800 mil pessoas ainda com a pend\u00eancia na Justi\u00e7a Eleitoral.<br \/>\nPara facilitar o atendimento em Fortaleza, o TRE decidiu ampliar o hor\u00e1rio dos postos instalados em sete shoppings da Capital. Al\u00e9m do hor\u00e1rio comercial de segunda a sexta-feira, o eleitor poder\u00e1 buscar o cadastramento biom\u00e9trico tamb\u00e9m aos s\u00e1bados, das 10 da manh\u00e3 \u00e0s cinco da tarde. A ideia \u00e9 evitar as filas, bem comuns quando se aproxima o fim dos prazos eleitorais.<\/p>\n","protected":false},"excerpt":{"rendered":"<p>O Tribunal Regional Eleitoral do Cear\u00e1 ampliou o hor\u00e1rio de atendimento ao eleitor nos postos instalados nos shoppings de Fortaleza. O objetivo \u00e9 dar mais oportunidade para que o eleitor fa\u00e7a o cadastramento biom\u00e9trico, que ainda est\u00e1 baixo na Capital. S\u00f3 vai votar nas elei\u00e7\u00f5es municipais do pr\u00f3ximo ano em Fortaleza quem fizer a revis\u00e3o biom\u00e9trica. O prazo final para o cadastramento biom\u00e9trico em Fortaleza \u00e9 29 de novembro. Mas o Tribunal Regional Eleitoral diz que apenas 55% do&hellip;<\/p>\n","protected":false},"author":1,"featured_media":0,"comment_status":"open","ping_status":"open","sticky":false,"template":"","format":"standard","meta":{"footnotes":""},"categories":[1],"tags":[],"class_list":["post-12975","post","type-post","status-publish","format-standard","hentry","category-noticias"],"_links":{"self":[{"href":"https:\/\/blogdorogeriogomes.com.br\/noticias\/wp-json\/wp\/v2\/posts\/12975","targetHints":{"allow":["GET"]}}],"collection":[{"href":"https:\/\/blogdorogeriogomes.com.br\/noticias\/wp-json\/wp\/v2\/posts"}],"about":[{"href":"https:\/\/blogdorogeriogomes.com.br\/noticias\/wp-json\/wp\/v2\/types\/post"}],"author":[{"embeddable":true,"href":"https:\/\/blogdorogeriogomes.com.br\/noticias\/wp-json\/wp\/v2\/users\/1"}],"replies":[{"embeddable":true,"href":"https:\/\/blogdorogeriogomes.com.br\/noticias\/wp-json\/wp\/v2\/comments?post=12975"}],"version-history":[{"count":1,"href":"https:\/\/blogdorogeriogomes.com.br\/noticias\/wp-json\/wp\/v2\/posts\/12975\/revisions"}],"predecessor-version":[{"id":12977,"href":"https:\/\/blogdorogeriogomes.com.br\/noticias\/wp-json\/wp\/v2\/posts\/12975\/revisions\/12977"}],"wp:attachment":[{"href":"https:\/\/blogdorogeriogomes.com.br\/noticias\/wp-json\/wp\/v2\/media?parent=12975"}],"wp:term":[{"taxonomy":"category","embeddable":true,"href":"https:\/\/blogdorogeriogomes.com.br\/noticias\/wp-json\/wp\/v2\/categories?post=12975"},{"taxonomy":"post_tag","embeddable":true,"href":"https:\/\/blogdorogeriogomes.com.br\/noticias\/wp-json\/wp\/v2\/tags?post=12975"}],"curies":[{"name":"wp","href":"https:\/\/api.w.org\/{rel}","templated":true}]}}