{"id":12978,"date":"2019-06-06T23:51:38","date_gmt":"2019-06-06T23:51:38","guid":{"rendered":"http:\/\/blogdorogeriogomes.com.br\/?p=12978"},"modified":"2019-06-06T23:51:38","modified_gmt":"2019-06-06T23:51:38","slug":"governadores-divulgam-carta-pela-manutencao-da-reforma-da-previdencia-para-estados-e-municipios","status":"publish","type":"post","link":"https:\/\/blogdorogeriogomes.com.br\/noticias\/2019\/06\/governadores-divulgam-carta-pela-manutencao-da-reforma-da-previdencia-para-estados-e-municipios\/","title":{"rendered":"Governadores divulgam carta pela manuten\u00e7\u00e3o da reforma da Previd\u00eancia para estados e munic\u00edpios"},"content":{"rendered":"<p><img loading=\"lazy\" decoding=\"async\" class=\"alignnone size-medium wp-image-12979\" src=\"http:\/\/blogdorogeriogomes.com.br\/wp-content\/uploads\/2019\/06\/IMG_20190606_204615_626-300x159.jpg\" alt=\"IMG_20190606_204615_626\" width=\"300\" height=\"159\" srcset=\"https:\/\/blogdorogeriogomes.com.br\/noticias\/wp-content\/uploads\/2019\/06\/IMG_20190606_204615_626-300x159.jpg 300w, https:\/\/blogdorogeriogomes.com.br\/noticias\/wp-content\/uploads\/2019\/06\/IMG_20190606_204615_626.jpg 761w\" sizes=\"auto, (max-width: 300px) 100vw, 300px\" \/><\/p>\n<p>Uma carta assinada por 25 dos 27 governadores do Pa\u00eds, divulgada nesta quinta-feira, dia 6 de junho, garante apoio \u00e0 manuten\u00e7\u00e3o de servidores de estados, Distrito Federal e munic\u00edpios na proposta de reforma da Previd\u00eancia Social. O governador do Cear\u00e1, Camilo Santana, assinou o documento. Os \u00fanicos governadores que n\u00e3o assinam a carta s\u00e3o Rui Costa (PT), da Bahia, e Fl\u00e1vio Dino (PCdoB), do Maranh\u00e3o.<br \/>\nA carta ser\u00e1 apresentada oficialmente na pr\u00f3xima ter\u00e7a-feira, dia 11, quando o F\u00f3rum de Governadores se reunir\u00e1 em Bras\u00edlia para discutir a reforma da Previd\u00eancia.<br \/>\nDeputados t\u00eam feito press\u00e3o para que o trecho fique de fora do texto porque parte deles n\u00e3o quer arcar com o desgaste pol\u00edtico de aprovar uma mat\u00e9ria considerada impopular.<br \/>\nSe os estados ficarem de fora do texto, governadores que queiram fazer uma reforma previdenci\u00e1ria a fim de sanear as finan\u00e7as estaduais ter\u00e3o de aprovar uma proposta pr\u00f3pria na Assembleia Legislativa.<\/p>\n","protected":false},"excerpt":{"rendered":"<p>Uma carta assinada por 25 dos 27 governadores do Pa\u00eds, divulgada nesta quinta-feira, dia 6 de junho, garante apoio \u00e0 manuten\u00e7\u00e3o de servidores de estados, Distrito Federal e munic\u00edpios na proposta de reforma da Previd\u00eancia Social. O governador do Cear\u00e1, Camilo Santana, assinou o documento. Os \u00fanicos governadores que n\u00e3o assinam a carta s\u00e3o Rui Costa (PT), da Bahia, e Fl\u00e1vio Dino (PCdoB), do Maranh\u00e3o. A carta ser\u00e1 apresentada oficialmente na pr\u00f3xima ter\u00e7a-feira, dia 11, quando o F\u00f3rum de&hellip;<\/p>\n","protected":false},"author":1,"featured_media":0,"comment_status":"open","ping_status":"open","sticky":false,"template":"","format":"standard","meta":{"footnotes":""},"categories":[1],"tags":[],"class_list":["post-12978","post","type-post","status-publish","format-standard","hentry","category-noticias"],"_links":{"self":[{"href":"https:\/\/blogdorogeriogomes.com.br\/noticias\/wp-json\/wp\/v2\/posts\/12978","targetHints":{"allow":["GET"]}}],"collection":[{"href":"https:\/\/blogdorogeriogomes.com.br\/noticias\/wp-json\/wp\/v2\/posts"}],"about":[{"href":"https:\/\/blogdorogeriogomes.com.br\/noticias\/wp-json\/wp\/v2\/types\/post"}],"author":[{"embeddable":true,"href":"https:\/\/blogdorogeriogomes.com.br\/noticias\/wp-json\/wp\/v2\/users\/1"}],"replies":[{"embeddable":true,"href":"https:\/\/blogdorogeriogomes.com.br\/noticias\/wp-json\/wp\/v2\/comments?post=12978"}],"version-history":[{"count":1,"href":"https:\/\/blogdorogeriogomes.com.br\/noticias\/wp-json\/wp\/v2\/posts\/12978\/revisions"}],"predecessor-version":[{"id":12980,"href":"https:\/\/blogdorogeriogomes.com.br\/noticias\/wp-json\/wp\/v2\/posts\/12978\/revisions\/12980"}],"wp:attachment":[{"href":"https:\/\/blogdorogeriogomes.com.br\/noticias\/wp-json\/wp\/v2\/media?parent=12978"}],"wp:term":[{"taxonomy":"category","embeddable":true,"href":"https:\/\/blogdorogeriogomes.com.br\/noticias\/wp-json\/wp\/v2\/categories?post=12978"},{"taxonomy":"post_tag","embeddable":true,"href":"https:\/\/blogdorogeriogomes.com.br\/noticias\/wp-json\/wp\/v2\/tags?post=12978"}],"curies":[{"name":"wp","href":"https:\/\/api.w.org\/{rel}","templated":true}]}}