{"id":12981,"date":"2019-06-07T09:06:50","date_gmt":"2019-06-07T09:06:50","guid":{"rendered":"http:\/\/blogdorogeriogomes.com.br\/?p=12981"},"modified":"2019-06-07T09:06:50","modified_gmt":"2019-06-07T09:06:50","slug":"ministro-do-turismo-apresenta-programa-de-incentivo-ao-setor-em-fortaleza","status":"publish","type":"post","link":"https:\/\/blogdorogeriogomes.com.br\/noticias\/2019\/06\/ministro-do-turismo-apresenta-programa-de-incentivo-ao-setor-em-fortaleza\/","title":{"rendered":"Ministro do Turismo apresenta programa de incentivo ao setor em Fortaleza"},"content":{"rendered":"<p><img loading=\"lazy\" decoding=\"async\" class=\"alignnone size-medium wp-image-12982\" src=\"http:\/\/blogdorogeriogomes.com.br\/wp-content\/uploads\/2019\/06\/IMG_20190607_060310_696-300x209.jpg\" alt=\"IMG_20190607_060310_696\" width=\"300\" height=\"209\" srcset=\"https:\/\/blogdorogeriogomes.com.br\/noticias\/wp-content\/uploads\/2019\/06\/IMG_20190607_060310_696-300x209.jpg 300w, https:\/\/blogdorogeriogomes.com.br\/noticias\/wp-content\/uploads\/2019\/06\/IMG_20190607_060310_696.jpg 649w\" sizes=\"auto, (max-width: 300px) 100vw, 300px\" \/><\/p>\n<p>O ministro do Turismo, Marcelo \u00c1lvaro Ant\u00f4nio, est\u00e1 em Fortaleza para apresentar o programa federal Investe Turismo que vai aplicar R$ 200 milh\u00f5es em destinos que dever\u00e3o desenvolver tamb\u00e9m a avia\u00e7\u00e3o regional. A chamada \u201cRota das Emo\u00e7\u00f5es\u201d vai incluir sete munic\u00edpios do Cear\u00e1, seis do Maranh\u00e3o e quatro do Piau\u00ed.<br \/>\nSegundo o ministro, s\u00e3o iniciativas que contemplam a\u00e7\u00f5es de fortalecimento da governan\u00e7a dessas rotas, melhoria de servi\u00e7os e atrativos tur\u00edsticos, atra\u00e7\u00e3o de investimentos e apoio \u00e0 comercializa\u00e7\u00e3o e marketing tur\u00edstico.<br \/>\nApesar de o programa ser um acordo entre Minist\u00e9rio do Turismo, Sebrae e Embratur com gest\u00e3o compartilhada, caber\u00e1 ao Sebrae a execu\u00e7\u00e3o do or\u00e7amento.<\/p>\n","protected":false},"excerpt":{"rendered":"<p>O ministro do Turismo, Marcelo \u00c1lvaro Ant\u00f4nio, est\u00e1 em Fortaleza para apresentar o programa federal Investe Turismo que vai aplicar R$ 200 milh\u00f5es em destinos que dever\u00e3o desenvolver tamb\u00e9m a avia\u00e7\u00e3o regional. A chamada \u201cRota das Emo\u00e7\u00f5es\u201d vai incluir sete munic\u00edpios do Cear\u00e1, seis do Maranh\u00e3o e quatro do Piau\u00ed. Segundo o ministro, s\u00e3o iniciativas que contemplam a\u00e7\u00f5es de fortalecimento da governan\u00e7a dessas rotas, melhoria de servi\u00e7os e atrativos tur\u00edsticos, atra\u00e7\u00e3o de investimentos e apoio \u00e0 comercializa\u00e7\u00e3o e marketing&hellip;<\/p>\n","protected":false},"author":1,"featured_media":0,"comment_status":"open","ping_status":"open","sticky":false,"template":"","format":"standard","meta":{"footnotes":""},"categories":[1],"tags":[],"class_list":["post-12981","post","type-post","status-publish","format-standard","hentry","category-noticias"],"_links":{"self":[{"href":"https:\/\/blogdorogeriogomes.com.br\/noticias\/wp-json\/wp\/v2\/posts\/12981","targetHints":{"allow":["GET"]}}],"collection":[{"href":"https:\/\/blogdorogeriogomes.com.br\/noticias\/wp-json\/wp\/v2\/posts"}],"about":[{"href":"https:\/\/blogdorogeriogomes.com.br\/noticias\/wp-json\/wp\/v2\/types\/post"}],"author":[{"embeddable":true,"href":"https:\/\/blogdorogeriogomes.com.br\/noticias\/wp-json\/wp\/v2\/users\/1"}],"replies":[{"embeddable":true,"href":"https:\/\/blogdorogeriogomes.com.br\/noticias\/wp-json\/wp\/v2\/comments?post=12981"}],"version-history":[{"count":1,"href":"https:\/\/blogdorogeriogomes.com.br\/noticias\/wp-json\/wp\/v2\/posts\/12981\/revisions"}],"predecessor-version":[{"id":12983,"href":"https:\/\/blogdorogeriogomes.com.br\/noticias\/wp-json\/wp\/v2\/posts\/12981\/revisions\/12983"}],"wp:attachment":[{"href":"https:\/\/blogdorogeriogomes.com.br\/noticias\/wp-json\/wp\/v2\/media?parent=12981"}],"wp:term":[{"taxonomy":"category","embeddable":true,"href":"https:\/\/blogdorogeriogomes.com.br\/noticias\/wp-json\/wp\/v2\/categories?post=12981"},{"taxonomy":"post_tag","embeddable":true,"href":"https:\/\/blogdorogeriogomes.com.br\/noticias\/wp-json\/wp\/v2\/tags?post=12981"}],"curies":[{"name":"wp","href":"https:\/\/api.w.org\/{rel}","templated":true}]}}