{"id":12984,"date":"2019-06-07T09:17:29","date_gmt":"2019-06-07T09:17:29","guid":{"rendered":"http:\/\/blogdorogeriogomes.com.br\/?p=12984"},"modified":"2019-06-07T09:17:29","modified_gmt":"2019-06-07T09:17:29","slug":"prefeito-de-fortaleza-assina-contrato-de-financiamento-com-caf-no-valor-de-r-580-milhoes","status":"publish","type":"post","link":"https:\/\/blogdorogeriogomes.com.br\/noticias\/2019\/06\/prefeito-de-fortaleza-assina-contrato-de-financiamento-com-caf-no-valor-de-r-580-milhoes\/","title":{"rendered":"Prefeito de Fortaleza assina contrato de financiamento com CAF no valor de R$ 580 milh\u00f5es"},"content":{"rendered":"<p><img loading=\"lazy\" decoding=\"async\" class=\"alignnone size-medium wp-image-12985\" src=\"http:\/\/blogdorogeriogomes.com.br\/wp-content\/uploads\/2019\/06\/IMG_20190607_061347_370-300x225.jpg\" alt=\"IMG_20190607_061347_370\" width=\"300\" height=\"225\" srcset=\"https:\/\/blogdorogeriogomes.com.br\/noticias\/wp-content\/uploads\/2019\/06\/IMG_20190607_061347_370-300x225.jpg 300w, https:\/\/blogdorogeriogomes.com.br\/noticias\/wp-content\/uploads\/2019\/06\/IMG_20190607_061347_370-768x576.jpg 768w, https:\/\/blogdorogeriogomes.com.br\/noticias\/wp-content\/uploads\/2019\/06\/IMG_20190607_061347_370-1024x768.jpg 1024w, https:\/\/blogdorogeriogomes.com.br\/noticias\/wp-content\/uploads\/2019\/06\/IMG_20190607_061347_370.jpg 1280w\" sizes=\"auto, (max-width: 300px) 100vw, 300px\" \/><\/p>\n<p>O prefeito de Fortaleza, Roberto Cl\u00e1udio, assinou, nesta quinta-feira, dia 6 de junho, em Bras\u00edlia, contrato de financiamento com o Banco de Desenvolvimento da Am\u00e9rica Latina (CAF), no valor de US$ 150 milh\u00f5es, o equivalente a R$ 580 milh\u00f5es. O investimento \u00e9 destinado ao Programa de Infraestrutura em Educa\u00e7\u00e3o e Saneamento de Fortaleza (Proinfra), que visa \u00e0 implanta\u00e7\u00e3o de interven\u00e7\u00f5es na Capital, como a urbaniza\u00e7\u00e3o de \u00e1reas de assentamentos prec\u00e1rios.<br \/>\nAinda neste m\u00eas de junho, dirigentes da CAF dever\u00e3o estar em Fortaleza para o lan\u00e7amento oficial do Proinfra e do Programa Meu Bairro Empreendedor no bairro Vicente Pinzon, que tamb\u00e9m receber\u00e1 financiamento do banco.<\/p>\n","protected":false},"excerpt":{"rendered":"<p>O prefeito de Fortaleza, Roberto Cl\u00e1udio, assinou, nesta quinta-feira, dia 6 de junho, em Bras\u00edlia, contrato de financiamento com o Banco de Desenvolvimento da Am\u00e9rica Latina (CAF), no valor de US$ 150 milh\u00f5es, o equivalente a R$ 580 milh\u00f5es. O investimento \u00e9 destinado ao Programa de Infraestrutura em Educa\u00e7\u00e3o e Saneamento de Fortaleza (Proinfra), que visa \u00e0 implanta\u00e7\u00e3o de interven\u00e7\u00f5es na Capital, como a urbaniza\u00e7\u00e3o de \u00e1reas de assentamentos prec\u00e1rios. Ainda neste m\u00eas de junho, dirigentes da CAF dever\u00e3o&hellip;<\/p>\n","protected":false},"author":1,"featured_media":0,"comment_status":"open","ping_status":"open","sticky":false,"template":"","format":"standard","meta":{"footnotes":""},"categories":[1],"tags":[],"class_list":["post-12984","post","type-post","status-publish","format-standard","hentry","category-noticias"],"_links":{"self":[{"href":"https:\/\/blogdorogeriogomes.com.br\/noticias\/wp-json\/wp\/v2\/posts\/12984","targetHints":{"allow":["GET"]}}],"collection":[{"href":"https:\/\/blogdorogeriogomes.com.br\/noticias\/wp-json\/wp\/v2\/posts"}],"about":[{"href":"https:\/\/blogdorogeriogomes.com.br\/noticias\/wp-json\/wp\/v2\/types\/post"}],"author":[{"embeddable":true,"href":"https:\/\/blogdorogeriogomes.com.br\/noticias\/wp-json\/wp\/v2\/users\/1"}],"replies":[{"embeddable":true,"href":"https:\/\/blogdorogeriogomes.com.br\/noticias\/wp-json\/wp\/v2\/comments?post=12984"}],"version-history":[{"count":1,"href":"https:\/\/blogdorogeriogomes.com.br\/noticias\/wp-json\/wp\/v2\/posts\/12984\/revisions"}],"predecessor-version":[{"id":12986,"href":"https:\/\/blogdorogeriogomes.com.br\/noticias\/wp-json\/wp\/v2\/posts\/12984\/revisions\/12986"}],"wp:attachment":[{"href":"https:\/\/blogdorogeriogomes.com.br\/noticias\/wp-json\/wp\/v2\/media?parent=12984"}],"wp:term":[{"taxonomy":"category","embeddable":true,"href":"https:\/\/blogdorogeriogomes.com.br\/noticias\/wp-json\/wp\/v2\/categories?post=12984"},{"taxonomy":"post_tag","embeddable":true,"href":"https:\/\/blogdorogeriogomes.com.br\/noticias\/wp-json\/wp\/v2\/tags?post=12984"}],"curies":[{"name":"wp","href":"https:\/\/api.w.org\/{rel}","templated":true}]}}