{"id":12987,"date":"2019-06-07T20:41:28","date_gmt":"2019-06-07T20:41:28","guid":{"rendered":"http:\/\/blogdorogeriogomes.com.br\/?p=12987"},"modified":"2019-06-07T20:41:28","modified_gmt":"2019-06-07T20:41:28","slug":"jose-sarto-defende-revitalizacao-do-rio-sao-francisco-no-parlanordeste-em-salvador","status":"publish","type":"post","link":"https:\/\/blogdorogeriogomes.com.br\/noticias\/2019\/06\/jose-sarto-defende-revitalizacao-do-rio-sao-francisco-no-parlanordeste-em-salvador\/","title":{"rendered":"Jos\u00e9 Sarto defende revitaliza\u00e7\u00e3o do rio S\u00e3o Francisco no ParlaNordeste em Salvador"},"content":{"rendered":"<p><img loading=\"lazy\" decoding=\"async\" class=\"alignnone size-medium wp-image-12988\" src=\"http:\/\/blogdorogeriogomes.com.br\/wp-content\/uploads\/2019\/06\/IMG_20190607_173622_440-300x225.jpg\" alt=\"IMG_20190607_173622_440\" width=\"300\" height=\"225\" srcset=\"https:\/\/blogdorogeriogomes.com.br\/noticias\/wp-content\/uploads\/2019\/06\/IMG_20190607_173622_440-300x225.jpg 300w, https:\/\/blogdorogeriogomes.com.br\/noticias\/wp-content\/uploads\/2019\/06\/IMG_20190607_173622_440.jpg 400w\" sizes=\"auto, (max-width: 300px) 100vw, 300px\" \/><\/p>\n<p>O presidente da Assembleia Legislativa do Cear\u00e1, Jos\u00e9 Sarto (PDT), defendeu, nesta sexta-feira, dia 7 de junho, em Salvador, na Bahia, a revitaliza\u00e7\u00e3o do rio S\u00e3o Francisco e uma proposta de reforma da Previd\u00eancia que respeite as especificidades da popula\u00e7\u00e3o nordestina. O parlamentar participou do 4\u00ba Encontro de Presidentes de Assembleia do Nordeste (ParlaNordeste), que resultou na Carta de Salvador.<br \/>\nO documento re\u00fane pautas comuns aos estados nordestinos. Al\u00e9m de Cear\u00e1 e Bahia, tamb\u00e9m participaram do evento e assinaram a carta representantes de Piau\u00ed, Para\u00edba, Maranh\u00e3o, Sergipe e Alagoas.<br \/>\nJos\u00e9 Sarto, que \u00e9 secret\u00e1rio-geral do ParlaNordeste, afirmou que a reforma da Previd\u00eancia precisa preservar os trabalhadores rurais.<\/p>\n","protected":false},"excerpt":{"rendered":"<p>O presidente da Assembleia Legislativa do Cear\u00e1, Jos\u00e9 Sarto (PDT), defendeu, nesta sexta-feira, dia 7 de junho, em Salvador, na Bahia, a revitaliza\u00e7\u00e3o do rio S\u00e3o Francisco e uma proposta de reforma da Previd\u00eancia que respeite as especificidades da popula\u00e7\u00e3o nordestina. O parlamentar participou do 4\u00ba Encontro de Presidentes de Assembleia do Nordeste (ParlaNordeste), que resultou na Carta de Salvador. O documento re\u00fane pautas comuns aos estados nordestinos. Al\u00e9m de Cear\u00e1 e Bahia, tamb\u00e9m participaram do evento e assinaram&hellip;<\/p>\n","protected":false},"author":1,"featured_media":0,"comment_status":"open","ping_status":"open","sticky":false,"template":"","format":"standard","meta":{"footnotes":""},"categories":[1],"tags":[],"class_list":["post-12987","post","type-post","status-publish","format-standard","hentry","category-noticias"],"_links":{"self":[{"href":"https:\/\/blogdorogeriogomes.com.br\/noticias\/wp-json\/wp\/v2\/posts\/12987","targetHints":{"allow":["GET"]}}],"collection":[{"href":"https:\/\/blogdorogeriogomes.com.br\/noticias\/wp-json\/wp\/v2\/posts"}],"about":[{"href":"https:\/\/blogdorogeriogomes.com.br\/noticias\/wp-json\/wp\/v2\/types\/post"}],"author":[{"embeddable":true,"href":"https:\/\/blogdorogeriogomes.com.br\/noticias\/wp-json\/wp\/v2\/users\/1"}],"replies":[{"embeddable":true,"href":"https:\/\/blogdorogeriogomes.com.br\/noticias\/wp-json\/wp\/v2\/comments?post=12987"}],"version-history":[{"count":1,"href":"https:\/\/blogdorogeriogomes.com.br\/noticias\/wp-json\/wp\/v2\/posts\/12987\/revisions"}],"predecessor-version":[{"id":12989,"href":"https:\/\/blogdorogeriogomes.com.br\/noticias\/wp-json\/wp\/v2\/posts\/12987\/revisions\/12989"}],"wp:attachment":[{"href":"https:\/\/blogdorogeriogomes.com.br\/noticias\/wp-json\/wp\/v2\/media?parent=12987"}],"wp:term":[{"taxonomy":"category","embeddable":true,"href":"https:\/\/blogdorogeriogomes.com.br\/noticias\/wp-json\/wp\/v2\/categories?post=12987"},{"taxonomy":"post_tag","embeddable":true,"href":"https:\/\/blogdorogeriogomes.com.br\/noticias\/wp-json\/wp\/v2\/tags?post=12987"}],"curies":[{"name":"wp","href":"https:\/\/api.w.org\/{rel}","templated":true}]}}