{"id":12990,"date":"2019-06-08T09:54:34","date_gmt":"2019-06-08T09:54:34","guid":{"rendered":"http:\/\/blogdorogeriogomes.com.br\/?p=12990"},"modified":"2019-06-08T09:54:34","modified_gmt":"2019-06-08T09:54:34","slug":"justica-da-bahia-determina-suspensao-no-bloqueio-de-verbas-nas-universidades-federais","status":"publish","type":"post","link":"https:\/\/blogdorogeriogomes.com.br\/noticias\/2019\/06\/justica-da-bahia-determina-suspensao-no-bloqueio-de-verbas-nas-universidades-federais\/","title":{"rendered":"Justi\u00e7a da Bahia determina suspens\u00e3o no bloqueio de verbas nas universidades federais"},"content":{"rendered":"<p><img loading=\"lazy\" decoding=\"async\" class=\"alignnone size-medium wp-image-12991\" src=\"http:\/\/blogdorogeriogomes.com.br\/wp-content\/uploads\/2019\/06\/IMG_20190608_064756_849-300x180.jpg\" alt=\"IMG_20190608_064756_849\" width=\"300\" height=\"180\" srcset=\"https:\/\/blogdorogeriogomes.com.br\/noticias\/wp-content\/uploads\/2019\/06\/IMG_20190608_064756_849-300x180.jpg 300w, https:\/\/blogdorogeriogomes.com.br\/noticias\/wp-content\/uploads\/2019\/06\/IMG_20190608_064756_849.jpg 715w\" sizes=\"auto, (max-width: 300px) 100vw, 300px\" \/><\/p>\n<p>Mais uma rea\u00e7\u00e3o contra o corte de verbas nas universidades e institui\u00e7\u00f5es federais pelo Minist\u00e9rio da Educa\u00e7\u00e3o. A Justi\u00e7a Federal da Bahia determinou, na noite desta sexta-feira, dia 7 de junho, que o Governo Federal suspenda o bloqueio de verbas nas universidades federais. Cabe recurso na decis\u00e3o.<br \/>\nA decis\u00e3o foi tomada pela ju\u00edza Renata Almeida de Moura, da 7\u00aa Vara Federal, em Salvador, em resposta a uma a\u00e7\u00e3o apresentada pelo Diret\u00f3rio Central dos Estudantes da Universidade de Bras\u00edlia (UnB).<br \/>\nO bloqueio de 30% nos gastos n\u00e3o obrigat\u00f3rios foi anunciado em abril pelo Minist\u00e9rio da Educa\u00e7\u00e3o. Desde ent\u00e3o, a\u00e7\u00f5es t\u00eam sido apresentadas \u00e0 Justi\u00e7a contra a medida. Al\u00e9m disso, no m\u00eas passado, houve manifesta\u00e7\u00f5es em todo o pa\u00eds contra o bloqueio.<br \/>\nA ju\u00edza fixou multa de R$ 100 mil por dia, caso o MEC n\u00e3o cumpra a decis\u00e3o dentro do prazo de 24 horas.<\/p>\n","protected":false},"excerpt":{"rendered":"<p>Mais uma rea\u00e7\u00e3o contra o corte de verbas nas universidades e institui\u00e7\u00f5es federais pelo Minist\u00e9rio da Educa\u00e7\u00e3o. A Justi\u00e7a Federal da Bahia determinou, na noite desta sexta-feira, dia 7 de junho, que o Governo Federal suspenda o bloqueio de verbas nas universidades federais. Cabe recurso na decis\u00e3o. A decis\u00e3o foi tomada pela ju\u00edza Renata Almeida de Moura, da 7\u00aa Vara Federal, em Salvador, em resposta a uma a\u00e7\u00e3o apresentada pelo Diret\u00f3rio Central dos Estudantes da Universidade de Bras\u00edlia (UnB).&hellip;<\/p>\n","protected":false},"author":1,"featured_media":0,"comment_status":"open","ping_status":"open","sticky":false,"template":"","format":"standard","meta":{"footnotes":""},"categories":[1],"tags":[],"class_list":["post-12990","post","type-post","status-publish","format-standard","hentry","category-noticias"],"_links":{"self":[{"href":"https:\/\/blogdorogeriogomes.com.br\/noticias\/wp-json\/wp\/v2\/posts\/12990","targetHints":{"allow":["GET"]}}],"collection":[{"href":"https:\/\/blogdorogeriogomes.com.br\/noticias\/wp-json\/wp\/v2\/posts"}],"about":[{"href":"https:\/\/blogdorogeriogomes.com.br\/noticias\/wp-json\/wp\/v2\/types\/post"}],"author":[{"embeddable":true,"href":"https:\/\/blogdorogeriogomes.com.br\/noticias\/wp-json\/wp\/v2\/users\/1"}],"replies":[{"embeddable":true,"href":"https:\/\/blogdorogeriogomes.com.br\/noticias\/wp-json\/wp\/v2\/comments?post=12990"}],"version-history":[{"count":1,"href":"https:\/\/blogdorogeriogomes.com.br\/noticias\/wp-json\/wp\/v2\/posts\/12990\/revisions"}],"predecessor-version":[{"id":12992,"href":"https:\/\/blogdorogeriogomes.com.br\/noticias\/wp-json\/wp\/v2\/posts\/12990\/revisions\/12992"}],"wp:attachment":[{"href":"https:\/\/blogdorogeriogomes.com.br\/noticias\/wp-json\/wp\/v2\/media?parent=12990"}],"wp:term":[{"taxonomy":"category","embeddable":true,"href":"https:\/\/blogdorogeriogomes.com.br\/noticias\/wp-json\/wp\/v2\/categories?post=12990"},{"taxonomy":"post_tag","embeddable":true,"href":"https:\/\/blogdorogeriogomes.com.br\/noticias\/wp-json\/wp\/v2\/tags?post=12990"}],"curies":[{"name":"wp","href":"https:\/\/api.w.org\/{rel}","templated":true}]}}