{"id":12996,"date":"2019-06-10T10:02:42","date_gmt":"2019-06-10T10:02:42","guid":{"rendered":"http:\/\/blogdorogeriogomes.com.br\/?p=12996"},"modified":"2019-06-10T10:02:42","modified_gmt":"2019-06-10T10:02:42","slug":"votacao-de-credito-suplementar-do-governo-gera-tensao-na-semana-politica-em-brasilia","status":"publish","type":"post","link":"https:\/\/blogdorogeriogomes.com.br\/noticias\/2019\/06\/votacao-de-credito-suplementar-do-governo-gera-tensao-na-semana-politica-em-brasilia\/","title":{"rendered":"Vota\u00e7\u00e3o de cr\u00e9dito suplementar do Governo gera tens\u00e3o na semana pol\u00edtica em Bras\u00edlia"},"content":{"rendered":"<p><img loading=\"lazy\" decoding=\"async\" class=\"alignnone size-medium wp-image-12997\" src=\"http:\/\/blogdorogeriogomes.com.br\/wp-content\/uploads\/2019\/06\/IMG_20190610_065730_697-300x297.jpg\" alt=\"IMG_20190610_065730_697\" width=\"300\" height=\"297\" srcset=\"https:\/\/blogdorogeriogomes.com.br\/noticias\/wp-content\/uploads\/2019\/06\/IMG_20190610_065730_697-300x297.jpg 300w, https:\/\/blogdorogeriogomes.com.br\/noticias\/wp-content\/uploads\/2019\/06\/IMG_20190610_065730_697-150x150.jpg 150w, https:\/\/blogdorogeriogomes.com.br\/noticias\/wp-content\/uploads\/2019\/06\/IMG_20190610_065730_697.jpg 518w\" sizes=\"auto, (max-width: 300px) 100vw, 300px\" \/><\/p>\n<p>A semana come\u00e7a tensa em Bras\u00edlia. O Congresso tem at\u00e9 o dia 15 de junho para votar o pedido de cr\u00e9dito suplementar do Governo Federal no valor de R$ 248,9 bilh\u00f5es. O presidente Jair Bolsonaro diz que sem a aprova\u00e7\u00e3o do projeto de lei do Congresso Nacional n\u00ba 4 (PLN 4), o Governo ter\u00e1 que suspender o pagamento de benef\u00edcios a idosos e pessoas com defici\u00eancia no pr\u00f3ximo dia 25.<br \/>\nA rela\u00e7\u00e3o entre o Executivo e Legislativo tensiona mais uma vez. O presidente Jair Bolsonaro e o presidente da C\u00e2mara dos Deputado, Rodrigo Maia, voltaram a trocar farpas pelas redes sociais.<br \/>\nRodrigo Maia diz que os programas do governo est\u00e3o &#8220;parados&#8221; e ironizou ao falar da preocupa\u00e7\u00e3o do governo com a aprova\u00e7\u00e3o do projeto. Ele lembrou que o projeto come\u00e7ou a tramitar no \u00faltimo dia 11 de mar\u00e7o.<br \/>\nEm entrevista ao jornal Folha de S\u00e3o Paulo no \u00faltimo fim de semana, o presidente da C\u00e2mara, Rodrigo Maia, e o presidente do Senado, Davi Alcolumbre, expuseram as diverg\u00eancias com as ideias de Bolsonaro. Eles se posicionaram contra o decreto que flexibiliza o porte de armas, criticaram propostas do presidente para alterar as leis de tr\u00e2nsito, se disseram contr\u00e1rios \u00e0 pol\u00edtica ambiental do governo e disseram que o projeto anticrime do ministro Sergio Moro, da Justi\u00e7a, n\u00e3o \u00e9 prioridade nem para Bolsonaro.<\/p>\n","protected":false},"excerpt":{"rendered":"<p>A semana come\u00e7a tensa em Bras\u00edlia. O Congresso tem at\u00e9 o dia 15 de junho para votar o pedido de cr\u00e9dito suplementar do Governo Federal no valor de R$ 248,9 bilh\u00f5es. O presidente Jair Bolsonaro diz que sem a aprova\u00e7\u00e3o do projeto de lei do Congresso Nacional n\u00ba 4 (PLN 4), o Governo ter\u00e1 que suspender o pagamento de benef\u00edcios a idosos e pessoas com defici\u00eancia no pr\u00f3ximo dia 25. A rela\u00e7\u00e3o entre o Executivo e Legislativo tensiona mais&hellip;<\/p>\n","protected":false},"author":1,"featured_media":0,"comment_status":"open","ping_status":"open","sticky":false,"template":"","format":"standard","meta":{"footnotes":""},"categories":[1],"tags":[],"class_list":["post-12996","post","type-post","status-publish","format-standard","hentry","category-noticias"],"_links":{"self":[{"href":"https:\/\/blogdorogeriogomes.com.br\/noticias\/wp-json\/wp\/v2\/posts\/12996","targetHints":{"allow":["GET"]}}],"collection":[{"href":"https:\/\/blogdorogeriogomes.com.br\/noticias\/wp-json\/wp\/v2\/posts"}],"about":[{"href":"https:\/\/blogdorogeriogomes.com.br\/noticias\/wp-json\/wp\/v2\/types\/post"}],"author":[{"embeddable":true,"href":"https:\/\/blogdorogeriogomes.com.br\/noticias\/wp-json\/wp\/v2\/users\/1"}],"replies":[{"embeddable":true,"href":"https:\/\/blogdorogeriogomes.com.br\/noticias\/wp-json\/wp\/v2\/comments?post=12996"}],"version-history":[{"count":1,"href":"https:\/\/blogdorogeriogomes.com.br\/noticias\/wp-json\/wp\/v2\/posts\/12996\/revisions"}],"predecessor-version":[{"id":12998,"href":"https:\/\/blogdorogeriogomes.com.br\/noticias\/wp-json\/wp\/v2\/posts\/12996\/revisions\/12998"}],"wp:attachment":[{"href":"https:\/\/blogdorogeriogomes.com.br\/noticias\/wp-json\/wp\/v2\/media?parent=12996"}],"wp:term":[{"taxonomy":"category","embeddable":true,"href":"https:\/\/blogdorogeriogomes.com.br\/noticias\/wp-json\/wp\/v2\/categories?post=12996"},{"taxonomy":"post_tag","embeddable":true,"href":"https:\/\/blogdorogeriogomes.com.br\/noticias\/wp-json\/wp\/v2\/tags?post=12996"}],"curies":[{"name":"wp","href":"https:\/\/api.w.org\/{rel}","templated":true}]}}