{"id":12999,"date":"2019-06-10T10:31:55","date_gmt":"2019-06-10T10:31:55","guid":{"rendered":"http:\/\/blogdorogeriogomes.com.br\/?p=12999"},"modified":"2019-06-10T10:31:55","modified_gmt":"2019-06-10T10:31:55","slug":"acoes-de-ministros-tem-gerado-reacoes-ate-de-quem-nao-conseguia-se-unir-na-oposicao","status":"publish","type":"post","link":"https:\/\/blogdorogeriogomes.com.br\/noticias\/2019\/06\/acoes-de-ministros-tem-gerado-reacoes-ate-de-quem-nao-conseguia-se-unir-na-oposicao\/","title":{"rendered":"A\u00e7\u00f5es de ministros t\u00eam gerado rea\u00e7\u00f5es at\u00e9 de quem n\u00e3o conseguia se unir na oposi\u00e7\u00e3o"},"content":{"rendered":"<p><img loading=\"lazy\" decoding=\"async\" class=\"alignnone size-medium wp-image-13000\" src=\"http:\/\/blogdorogeriogomes.com.br\/wp-content\/uploads\/2019\/06\/IMG_20190610_072631_481-300x202.jpg\" alt=\"IMG_20190610_072631_481\" width=\"300\" height=\"202\" srcset=\"https:\/\/blogdorogeriogomes.com.br\/noticias\/wp-content\/uploads\/2019\/06\/IMG_20190610_072631_481-300x202.jpg 300w, https:\/\/blogdorogeriogomes.com.br\/noticias\/wp-content\/uploads\/2019\/06\/IMG_20190610_072631_481-768x517.jpg 768w, https:\/\/blogdorogeriogomes.com.br\/noticias\/wp-content\/uploads\/2019\/06\/IMG_20190610_072631_481-1024x689.jpg 1024w, https:\/\/blogdorogeriogomes.com.br\/noticias\/wp-content\/uploads\/2019\/06\/IMG_20190610_072631_481.jpg 1130w\" sizes=\"auto, (max-width: 300px) 100vw, 300px\" \/><\/p>\n<p>As a\u00e7\u00f5es desastrosas de ministros do Governo Bolsonaro em setores como Rela\u00e7\u00f5es Exteriores, Educa\u00e7\u00e3o, Meio Ambiente e Direitos Humanos t\u00eam provocado uma uni\u00e3o de ex-ministros que envolvem setores moderados do PT, do PSDB e de outros partidos de centro-esquerda. \u00c9 uma rea\u00e7\u00e3o de grupos que, at\u00e9 ent\u00e3o, se mantinham separados por quest\u00f5es ideol\u00f3gicas ou eleitorais.<br \/>\nAssinaram manifestos contra a\u00e7\u00f5es do Governo Federal na Educa\u00e7\u00e3o e Seguran\u00e7a, na semana passada, ex-ministros da Educa\u00e7\u00e3o, do Meio Ambiente, e da \u00e1rea de Seguran\u00e7a dos governos dos ex-presidentes Fernando Henrique Cardoso (PSDB), Lula (PT), Dilma Rousseff (PT), Itamar Franco (Cidadania) e Michel Temer (MDB). Em maio passado, o grupo assinou manifesto sobre as a\u00e7\u00f5es no Meio Ambiente.<\/p>\n","protected":false},"excerpt":{"rendered":"<p>As a\u00e7\u00f5es desastrosas de ministros do Governo Bolsonaro em setores como Rela\u00e7\u00f5es Exteriores, Educa\u00e7\u00e3o, Meio Ambiente e Direitos Humanos t\u00eam provocado uma uni\u00e3o de ex-ministros que envolvem setores moderados do PT, do PSDB e de outros partidos de centro-esquerda. \u00c9 uma rea\u00e7\u00e3o de grupos que, at\u00e9 ent\u00e3o, se mantinham separados por quest\u00f5es ideol\u00f3gicas ou eleitorais. Assinaram manifestos contra a\u00e7\u00f5es do Governo Federal na Educa\u00e7\u00e3o e Seguran\u00e7a, na semana passada, ex-ministros da Educa\u00e7\u00e3o, do Meio Ambiente, e da \u00e1rea de&hellip;<\/p>\n","protected":false},"author":1,"featured_media":0,"comment_status":"open","ping_status":"open","sticky":false,"template":"","format":"standard","meta":{"footnotes":""},"categories":[1],"tags":[],"class_list":["post-12999","post","type-post","status-publish","format-standard","hentry","category-noticias"],"_links":{"self":[{"href":"https:\/\/blogdorogeriogomes.com.br\/noticias\/wp-json\/wp\/v2\/posts\/12999","targetHints":{"allow":["GET"]}}],"collection":[{"href":"https:\/\/blogdorogeriogomes.com.br\/noticias\/wp-json\/wp\/v2\/posts"}],"about":[{"href":"https:\/\/blogdorogeriogomes.com.br\/noticias\/wp-json\/wp\/v2\/types\/post"}],"author":[{"embeddable":true,"href":"https:\/\/blogdorogeriogomes.com.br\/noticias\/wp-json\/wp\/v2\/users\/1"}],"replies":[{"embeddable":true,"href":"https:\/\/blogdorogeriogomes.com.br\/noticias\/wp-json\/wp\/v2\/comments?post=12999"}],"version-history":[{"count":1,"href":"https:\/\/blogdorogeriogomes.com.br\/noticias\/wp-json\/wp\/v2\/posts\/12999\/revisions"}],"predecessor-version":[{"id":13001,"href":"https:\/\/blogdorogeriogomes.com.br\/noticias\/wp-json\/wp\/v2\/posts\/12999\/revisions\/13001"}],"wp:attachment":[{"href":"https:\/\/blogdorogeriogomes.com.br\/noticias\/wp-json\/wp\/v2\/media?parent=12999"}],"wp:term":[{"taxonomy":"category","embeddable":true,"href":"https:\/\/blogdorogeriogomes.com.br\/noticias\/wp-json\/wp\/v2\/categories?post=12999"},{"taxonomy":"post_tag","embeddable":true,"href":"https:\/\/blogdorogeriogomes.com.br\/noticias\/wp-json\/wp\/v2\/tags?post=12999"}],"curies":[{"name":"wp","href":"https:\/\/api.w.org\/{rel}","templated":true}]}}