{"id":13002,"date":"2019-06-10T20:24:02","date_gmt":"2019-06-10T20:24:02","guid":{"rendered":"http:\/\/blogdorogeriogomes.com.br\/?p=13002"},"modified":"2019-06-10T20:24:02","modified_gmt":"2019-06-10T20:24:02","slug":"camilo-santana-cobra-apuracao-dos-fatos-envolvendo-mensagens-trocadas-entre-moro-e-dallagnol","status":"publish","type":"post","link":"https:\/\/blogdorogeriogomes.com.br\/noticias\/2019\/06\/camilo-santana-cobra-apuracao-dos-fatos-envolvendo-mensagens-trocadas-entre-moro-e-dallagnol\/","title":{"rendered":"Camilo Santana cobra apura\u00e7\u00e3o dos fatos envolvendo mensagens trocadas entre Moro e Dallagnol"},"content":{"rendered":"<p><img loading=\"lazy\" decoding=\"async\" class=\"alignnone size-medium wp-image-13003\" src=\"http:\/\/blogdorogeriogomes.com.br\/wp-content\/uploads\/2019\/06\/IMG_20190610_171252_025-300x211.jpg\" alt=\"IMG_20190610_171252_025\" width=\"300\" height=\"211\" srcset=\"https:\/\/blogdorogeriogomes.com.br\/noticias\/wp-content\/uploads\/2019\/06\/IMG_20190610_171252_025-300x211.jpg 300w, https:\/\/blogdorogeriogomes.com.br\/noticias\/wp-content\/uploads\/2019\/06\/IMG_20190610_171252_025.jpg 642w\" sizes=\"auto, (max-width: 300px) 100vw, 300px\" \/><\/p>\n<p>A troca de mensagens atribu\u00eddas ao ex-juiz e atual ministro da Justi\u00e7a Sergio Moro e ao procurador Deltan Dallagnol, do Minist\u00e9rio P\u00fablico Federal, sobre o processo da Opera\u00e7\u00e3o Lava Jato, divulgadas pelo site The Intercept Brasil, fez o governador do Cear\u00e1, Camilo Santana, cobrar apura\u00e7\u00e3o dos fatos. A manifesta\u00e7\u00e3o de Camilo foi atrav\u00e9s das suas redes sociais.<br \/>\n&#8220;Muito grave e preocupante o teor revelado pelo site The Intercept sobre as investiga\u00e7\u00f5es da Opera\u00e7\u00e3o Lava Jato. Serei sempre um apoiador de todas as a\u00e7\u00f5es de combate \u00e0 corrup\u00e7\u00e3o em qualquer esfera. Assim como defendo que toda e qualquer investiga\u00e7\u00e3o deve ser feita com absoluta isen\u00e7\u00e3o e respeito \u00e0s leis. N\u00e3o se faz justi\u00e7a com injusti\u00e7a. O pa\u00eds exige uma explica\u00e7\u00e3o clara e r\u00e1pida dos fatos&#8221;, disse Camilo Santana.<br \/>\nNo Congresso Nacional, deputados e senadores consideram inevit\u00e1vel a convoca\u00e7\u00e3o do ministro S\u00e9rgio Moro para esclarecimentos. A oposi\u00e7\u00e3o pede a cria\u00e7\u00e3o de uma CPI para investigar a atua\u00e7\u00e3o de Moro e do procurador Deltan Dallagnol no \u00e2mbito da Lava Jato.<br \/>\nOs conselheiros do Conselho Nacional do Minist\u00e9rio P\u00fablico, Luiz Fernando Bandeira de Mello Filho, Gustavo do Vale Rocha, Leonardo Accioly da Silva e Erick Ven\u00e2ncio Lima do Nascimento apresentaram representa\u00e7\u00e3o ao corregedor do colegiado pedindo a apura\u00e7\u00e3o das condutas dos procuradores da Rep\u00fablica citados na s\u00e9rie de reportagens do The Intercept Brasil.<\/p>\n","protected":false},"excerpt":{"rendered":"<p>A troca de mensagens atribu\u00eddas ao ex-juiz e atual ministro da Justi\u00e7a Sergio Moro e ao procurador Deltan Dallagnol, do Minist\u00e9rio P\u00fablico Federal, sobre o processo da Opera\u00e7\u00e3o Lava Jato, divulgadas pelo site The Intercept Brasil, fez o governador do Cear\u00e1, Camilo Santana, cobrar apura\u00e7\u00e3o dos fatos. A manifesta\u00e7\u00e3o de Camilo foi atrav\u00e9s das suas redes sociais. &#8220;Muito grave e preocupante o teor revelado pelo site The Intercept sobre as investiga\u00e7\u00f5es da Opera\u00e7\u00e3o Lava Jato. Serei sempre um apoiador&hellip;<\/p>\n","protected":false},"author":1,"featured_media":0,"comment_status":"open","ping_status":"open","sticky":false,"template":"","format":"standard","meta":{"footnotes":""},"categories":[1],"tags":[],"class_list":["post-13002","post","type-post","status-publish","format-standard","hentry","category-noticias"],"_links":{"self":[{"href":"https:\/\/blogdorogeriogomes.com.br\/noticias\/wp-json\/wp\/v2\/posts\/13002","targetHints":{"allow":["GET"]}}],"collection":[{"href":"https:\/\/blogdorogeriogomes.com.br\/noticias\/wp-json\/wp\/v2\/posts"}],"about":[{"href":"https:\/\/blogdorogeriogomes.com.br\/noticias\/wp-json\/wp\/v2\/types\/post"}],"author":[{"embeddable":true,"href":"https:\/\/blogdorogeriogomes.com.br\/noticias\/wp-json\/wp\/v2\/users\/1"}],"replies":[{"embeddable":true,"href":"https:\/\/blogdorogeriogomes.com.br\/noticias\/wp-json\/wp\/v2\/comments?post=13002"}],"version-history":[{"count":1,"href":"https:\/\/blogdorogeriogomes.com.br\/noticias\/wp-json\/wp\/v2\/posts\/13002\/revisions"}],"predecessor-version":[{"id":13004,"href":"https:\/\/blogdorogeriogomes.com.br\/noticias\/wp-json\/wp\/v2\/posts\/13002\/revisions\/13004"}],"wp:attachment":[{"href":"https:\/\/blogdorogeriogomes.com.br\/noticias\/wp-json\/wp\/v2\/media?parent=13002"}],"wp:term":[{"taxonomy":"category","embeddable":true,"href":"https:\/\/blogdorogeriogomes.com.br\/noticias\/wp-json\/wp\/v2\/categories?post=13002"},{"taxonomy":"post_tag","embeddable":true,"href":"https:\/\/blogdorogeriogomes.com.br\/noticias\/wp-json\/wp\/v2\/tags?post=13002"}],"curies":[{"name":"wp","href":"https:\/\/api.w.org\/{rel}","templated":true}]}}