{"id":13005,"date":"2019-06-11T01:32:37","date_gmt":"2019-06-11T01:32:37","guid":{"rendered":"http:\/\/blogdorogeriogomes.com.br\/?p=13005"},"modified":"2019-06-11T01:32:37","modified_gmt":"2019-06-11T01:32:37","slug":"gilmar-mendes-libera-para-julgamento-pedido-de-liberdade-de-lula-pela-segunda-turma","status":"publish","type":"post","link":"https:\/\/blogdorogeriogomes.com.br\/noticias\/2019\/06\/gilmar-mendes-libera-para-julgamento-pedido-de-liberdade-de-lula-pela-segunda-turma\/","title":{"rendered":"Gilmar Mendes libera para julgamento pedido de liberdade de Lula pela Segunda Turma"},"content":{"rendered":"<p><img loading=\"lazy\" decoding=\"async\" class=\"alignnone size-medium wp-image-13006\" src=\"http:\/\/blogdorogeriogomes.com.br\/wp-content\/uploads\/2019\/06\/IMG_20190610_222802_674-300x225.jpg\" alt=\"IMG_20190610_222802_674\" width=\"300\" height=\"225\" srcset=\"https:\/\/blogdorogeriogomes.com.br\/noticias\/wp-content\/uploads\/2019\/06\/IMG_20190610_222802_674-300x225.jpg 300w, https:\/\/blogdorogeriogomes.com.br\/noticias\/wp-content\/uploads\/2019\/06\/IMG_20190610_222802_674.jpg 583w\" sizes=\"auto, (max-width: 300px) 100vw, 300px\" \/><\/p>\n<p>O ministro Gilmar Mendes, do Supremo Tribunal Federal (STF), liberou nesta segunda-feira, dia 10 de junho, para julgamento um pedido de liberdade apresentado pelo ex-presidente Luiz In\u00e1cio Lula da Silva.<br \/>\nDe acordo com o Portal G1, a expectativa \u00e9 que o pedido seja analisado nesta ter\u00e7a-feira, dia 11 de junho, ou no dia 25 de junho, pela Segunda Turma do STF.<br \/>\nO pedido foi apresentado pela defesa de Lula no ano passado, quando S\u00e9rgio Moro aceitou o convite do ent\u00e3o presidente eleito Jair Bolsonaro para comandar o Minist\u00e9rio da Justi\u00e7a.<\/p>\n","protected":false},"excerpt":{"rendered":"<p>O ministro Gilmar Mendes, do Supremo Tribunal Federal (STF), liberou nesta segunda-feira, dia 10 de junho, para julgamento um pedido de liberdade apresentado pelo ex-presidente Luiz In\u00e1cio Lula da Silva. De acordo com o Portal G1, a expectativa \u00e9 que o pedido seja analisado nesta ter\u00e7a-feira, dia 11 de junho, ou no dia 25 de junho, pela Segunda Turma do STF. O pedido foi apresentado pela defesa de Lula no ano passado, quando S\u00e9rgio Moro aceitou o convite do&hellip;<\/p>\n","protected":false},"author":1,"featured_media":0,"comment_status":"open","ping_status":"open","sticky":false,"template":"","format":"standard","meta":{"footnotes":""},"categories":[1],"tags":[],"class_list":["post-13005","post","type-post","status-publish","format-standard","hentry","category-noticias"],"_links":{"self":[{"href":"https:\/\/blogdorogeriogomes.com.br\/noticias\/wp-json\/wp\/v2\/posts\/13005","targetHints":{"allow":["GET"]}}],"collection":[{"href":"https:\/\/blogdorogeriogomes.com.br\/noticias\/wp-json\/wp\/v2\/posts"}],"about":[{"href":"https:\/\/blogdorogeriogomes.com.br\/noticias\/wp-json\/wp\/v2\/types\/post"}],"author":[{"embeddable":true,"href":"https:\/\/blogdorogeriogomes.com.br\/noticias\/wp-json\/wp\/v2\/users\/1"}],"replies":[{"embeddable":true,"href":"https:\/\/blogdorogeriogomes.com.br\/noticias\/wp-json\/wp\/v2\/comments?post=13005"}],"version-history":[{"count":1,"href":"https:\/\/blogdorogeriogomes.com.br\/noticias\/wp-json\/wp\/v2\/posts\/13005\/revisions"}],"predecessor-version":[{"id":13007,"href":"https:\/\/blogdorogeriogomes.com.br\/noticias\/wp-json\/wp\/v2\/posts\/13005\/revisions\/13007"}],"wp:attachment":[{"href":"https:\/\/blogdorogeriogomes.com.br\/noticias\/wp-json\/wp\/v2\/media?parent=13005"}],"wp:term":[{"taxonomy":"category","embeddable":true,"href":"https:\/\/blogdorogeriogomes.com.br\/noticias\/wp-json\/wp\/v2\/categories?post=13005"},{"taxonomy":"post_tag","embeddable":true,"href":"https:\/\/blogdorogeriogomes.com.br\/noticias\/wp-json\/wp\/v2\/tags?post=13005"}],"curies":[{"name":"wp","href":"https:\/\/api.w.org\/{rel}","templated":true}]}}