{"id":13008,"date":"2019-06-11T08:52:19","date_gmt":"2019-06-11T08:52:19","guid":{"rendered":"http:\/\/blogdorogeriogomes.com.br\/?p=13008"},"modified":"2019-06-11T09:16:48","modified_gmt":"2019-06-11T09:16:48","slug":"oab-defende-afastamento-de-sergio-moro-e-delta-dallagnol-de-suas-funcoes","status":"publish","type":"post","link":"https:\/\/blogdorogeriogomes.com.br\/noticias\/2019\/06\/oab-defende-afastamento-de-sergio-moro-e-delta-dallagnol-de-suas-funcoes\/","title":{"rendered":"OAB defende afastamento de S\u00e9rgio Moro e Deltan Dallagnol de suas fun\u00e7\u00f5es"},"content":{"rendered":"<p><img loading=\"lazy\" decoding=\"async\" class=\"alignnone size-medium wp-image-13009\" src=\"http:\/\/blogdorogeriogomes.com.br\/wp-content\/uploads\/2019\/06\/IMG_20190611_054825_557-300x228.jpg\" alt=\"IMG_20190611_054825_557\" width=\"300\" height=\"228\" srcset=\"https:\/\/blogdorogeriogomes.com.br\/noticias\/wp-content\/uploads\/2019\/06\/IMG_20190611_054825_557-300x228.jpg 300w, https:\/\/blogdorogeriogomes.com.br\/noticias\/wp-content\/uploads\/2019\/06\/IMG_20190611_054825_557.jpg 461w\" sizes=\"auto, (max-width: 300px) 100vw, 300px\" \/><\/p>\n<p>A Ordem dos Advogados do Brasil (OAB) vai recomendar o afastamento tempor\u00e1rio de suas fun\u00e7\u00f5es do ministro da Justi\u00e7a, Sergio Moro, do coordenador da for\u00e7a-tarefa da Lava Jato, Deltan Dallagnol, e dos demais procuradores da Rep\u00fablica citados na s\u00e9rie de reportagens do The Intercept Brasil at\u00e9 o encerramento das investiga\u00e7\u00f5es sobre o vazamento troca de mensagens.<br \/>\nEm nota divulgada nesta segunda-feira, dia 10 de junho, o Conselho Federal da OABdefende &#8220;investiga\u00e7\u00e3o plena, imparcial e isenta&#8221;, diante da &#8220;gravidade dos fatos&#8221; e do que chama de &#8220;poss\u00edvel rela\u00e7\u00e3o de promiscuidade&#8221; na condu\u00e7\u00e3o de a\u00e7\u00f5es penais no \u00e2mbito da Lava Jato.<\/p>\n","protected":false},"excerpt":{"rendered":"<p>A Ordem dos Advogados do Brasil (OAB) vai recomendar o afastamento tempor\u00e1rio de suas fun\u00e7\u00f5es do ministro da Justi\u00e7a, Sergio Moro, do coordenador da for\u00e7a-tarefa da Lava Jato, Deltan Dallagnol, e dos demais procuradores da Rep\u00fablica citados na s\u00e9rie de reportagens do The Intercept Brasil at\u00e9 o encerramento das investiga\u00e7\u00f5es sobre o vazamento troca de mensagens. Em nota divulgada nesta segunda-feira, dia 10 de junho, o Conselho Federal da OABdefende &#8220;investiga\u00e7\u00e3o plena, imparcial e isenta&#8221;, diante da &#8220;gravidade dos&hellip;<\/p>\n","protected":false},"author":1,"featured_media":0,"comment_status":"open","ping_status":"open","sticky":false,"template":"","format":"standard","meta":{"footnotes":""},"categories":[1],"tags":[],"class_list":["post-13008","post","type-post","status-publish","format-standard","hentry","category-noticias"],"_links":{"self":[{"href":"https:\/\/blogdorogeriogomes.com.br\/noticias\/wp-json\/wp\/v2\/posts\/13008","targetHints":{"allow":["GET"]}}],"collection":[{"href":"https:\/\/blogdorogeriogomes.com.br\/noticias\/wp-json\/wp\/v2\/posts"}],"about":[{"href":"https:\/\/blogdorogeriogomes.com.br\/noticias\/wp-json\/wp\/v2\/types\/post"}],"author":[{"embeddable":true,"href":"https:\/\/blogdorogeriogomes.com.br\/noticias\/wp-json\/wp\/v2\/users\/1"}],"replies":[{"embeddable":true,"href":"https:\/\/blogdorogeriogomes.com.br\/noticias\/wp-json\/wp\/v2\/comments?post=13008"}],"version-history":[{"count":2,"href":"https:\/\/blogdorogeriogomes.com.br\/noticias\/wp-json\/wp\/v2\/posts\/13008\/revisions"}],"predecessor-version":[{"id":13014,"href":"https:\/\/blogdorogeriogomes.com.br\/noticias\/wp-json\/wp\/v2\/posts\/13008\/revisions\/13014"}],"wp:attachment":[{"href":"https:\/\/blogdorogeriogomes.com.br\/noticias\/wp-json\/wp\/v2\/media?parent=13008"}],"wp:term":[{"taxonomy":"category","embeddable":true,"href":"https:\/\/blogdorogeriogomes.com.br\/noticias\/wp-json\/wp\/v2\/categories?post=13008"},{"taxonomy":"post_tag","embeddable":true,"href":"https:\/\/blogdorogeriogomes.com.br\/noticias\/wp-json\/wp\/v2\/tags?post=13008"}],"curies":[{"name":"wp","href":"https:\/\/api.w.org\/{rel}","templated":true}]}}