{"id":13011,"date":"2019-06-11T09:15:20","date_gmt":"2019-06-11T09:15:20","guid":{"rendered":"http:\/\/blogdorogeriogomes.com.br\/?p=13011"},"modified":"2019-06-11T09:15:20","modified_gmt":"2019-06-11T09:15:20","slug":"caso-morodallagnol-pode-travar-pauta-na-camara-dos-deputados-diz-oposicao","status":"publish","type":"post","link":"https:\/\/blogdorogeriogomes.com.br\/noticias\/2019\/06\/caso-morodallagnol-pode-travar-pauta-na-camara-dos-deputados-diz-oposicao\/","title":{"rendered":"Caso Moro\/Dallagnol pode travar pauta na C\u00e2mara dos Deputados, diz oposi\u00e7\u00e3o"},"content":{"rendered":"<p><img loading=\"lazy\" decoding=\"async\" class=\"alignnone size-medium wp-image-13012\" src=\"http:\/\/blogdorogeriogomes.com.br\/wp-content\/uploads\/2019\/06\/IMG_20190611_061111_113-300x197.jpg\" alt=\"IMG_20190611_061111_113\" width=\"300\" height=\"197\" srcset=\"https:\/\/blogdorogeriogomes.com.br\/noticias\/wp-content\/uploads\/2019\/06\/IMG_20190611_061111_113-300x197.jpg 300w, https:\/\/blogdorogeriogomes.com.br\/noticias\/wp-content\/uploads\/2019\/06\/IMG_20190611_061111_113-768x503.jpg 768w, https:\/\/blogdorogeriogomes.com.br\/noticias\/wp-content\/uploads\/2019\/06\/IMG_20190611_061111_113-1024x671.jpg 1024w, https:\/\/blogdorogeriogomes.com.br\/noticias\/wp-content\/uploads\/2019\/06\/IMG_20190611_061111_113.jpg 2003w\" sizes=\"auto, (max-width: 300px) 100vw, 300px\" \/><\/p>\n<p>A oposi\u00e7\u00e3o vinha at\u00e9 negociando com o Planalto para permitir a vota\u00e7\u00e3o em plen\u00e1rio, nesta semana, do pedido de suplementa\u00e7\u00e3o or\u00e7ament\u00e1ria de R$ 248,9 bilh\u00f5es para pagamento de despesas correntes. Mas depois da divulga\u00e7\u00e3o de \u00e1udios envolvendo conversas entre o ministro S\u00e9rgio Moro e o procurador do MPF, Delta Dallagnol, os l\u00edderes da oposi\u00e7\u00e3o anunciaram que ir\u00e3o obstruir a vota\u00e7\u00e3o de todos os projetos em tramita\u00e7\u00e3o na C\u00e2mara.<br \/>\nCobram da Mesa Diretora uma convoca\u00e7\u00e3o do ministro da Seguran\u00e7a P\u00fablica para prestar esclarecimentos na Casa ou at\u00e9 a cria\u00e7\u00e3o de uma CPI para investigar o caso.<br \/>\nA preocupa\u00e7\u00e3o dos aliados do Governo \u00e9 com a vota\u00e7\u00e3o do cr\u00e9dito suplementar pedido pelo Planalto. O relator do pedido, deputado Hildo Rocha (MDB-MA), est\u00e1 em p\u00e2nico com a possibilidade de obstru\u00e7\u00e3o da oposi\u00e7\u00e3o. Segundo ele, nesse caso ser\u00e1 praticamente imposs\u00edvel votar o projeto a tempo no plen\u00e1rio.<br \/>\n&#8220;O prazo \u00e9 o pr\u00f3ximo dia 15. Se n\u00e3o for aprovado o pedido, o governo ter\u00e1 que suspender pagamentos de benef\u00edcios sociais que entram como gastos correntes, caso contr\u00e1rio estar\u00e1 descumprindo a chamada &#8216;regra de ouro&#8217; da Constitui\u00e7\u00e3o&#8221;, disse o relator.<br \/>\nA regra de ouro impede a emiss\u00e3o de t\u00edtulos da d\u00edvida sem autoriza\u00e7\u00e3o do Congresso para pagar despesas correntes do governo. Seu descumprimento resultou no impeachment de Dilma Rousseff.<\/p>\n","protected":false},"excerpt":{"rendered":"<p>A oposi\u00e7\u00e3o vinha at\u00e9 negociando com o Planalto para permitir a vota\u00e7\u00e3o em plen\u00e1rio, nesta semana, do pedido de suplementa\u00e7\u00e3o or\u00e7ament\u00e1ria de R$ 248,9 bilh\u00f5es para pagamento de despesas correntes. Mas depois da divulga\u00e7\u00e3o de \u00e1udios envolvendo conversas entre o ministro S\u00e9rgio Moro e o procurador do MPF, Delta Dallagnol, os l\u00edderes da oposi\u00e7\u00e3o anunciaram que ir\u00e3o obstruir a vota\u00e7\u00e3o de todos os projetos em tramita\u00e7\u00e3o na C\u00e2mara. Cobram da Mesa Diretora uma convoca\u00e7\u00e3o do ministro da Seguran\u00e7a P\u00fablica&hellip;<\/p>\n","protected":false},"author":1,"featured_media":0,"comment_status":"open","ping_status":"open","sticky":false,"template":"","format":"standard","meta":{"footnotes":""},"categories":[1],"tags":[],"class_list":["post-13011","post","type-post","status-publish","format-standard","hentry","category-noticias"],"_links":{"self":[{"href":"https:\/\/blogdorogeriogomes.com.br\/noticias\/wp-json\/wp\/v2\/posts\/13011","targetHints":{"allow":["GET"]}}],"collection":[{"href":"https:\/\/blogdorogeriogomes.com.br\/noticias\/wp-json\/wp\/v2\/posts"}],"about":[{"href":"https:\/\/blogdorogeriogomes.com.br\/noticias\/wp-json\/wp\/v2\/types\/post"}],"author":[{"embeddable":true,"href":"https:\/\/blogdorogeriogomes.com.br\/noticias\/wp-json\/wp\/v2\/users\/1"}],"replies":[{"embeddable":true,"href":"https:\/\/blogdorogeriogomes.com.br\/noticias\/wp-json\/wp\/v2\/comments?post=13011"}],"version-history":[{"count":1,"href":"https:\/\/blogdorogeriogomes.com.br\/noticias\/wp-json\/wp\/v2\/posts\/13011\/revisions"}],"predecessor-version":[{"id":13013,"href":"https:\/\/blogdorogeriogomes.com.br\/noticias\/wp-json\/wp\/v2\/posts\/13011\/revisions\/13013"}],"wp:attachment":[{"href":"https:\/\/blogdorogeriogomes.com.br\/noticias\/wp-json\/wp\/v2\/media?parent=13011"}],"wp:term":[{"taxonomy":"category","embeddable":true,"href":"https:\/\/blogdorogeriogomes.com.br\/noticias\/wp-json\/wp\/v2\/categories?post=13011"},{"taxonomy":"post_tag","embeddable":true,"href":"https:\/\/blogdorogeriogomes.com.br\/noticias\/wp-json\/wp\/v2\/tags?post=13011"}],"curies":[{"name":"wp","href":"https:\/\/api.w.org\/{rel}","templated":true}]}}