{"id":13018,"date":"2019-06-11T20:45:33","date_gmt":"2019-06-11T20:45:33","guid":{"rendered":"http:\/\/blogdorogeriogomes.com.br\/?p=13018"},"modified":"2019-06-11T20:45:33","modified_gmt":"2019-06-11T20:45:33","slug":"sergio-moro-deve-prestar-esclarecimentos-no-senado-federal-no-proximo-dia-19-de-junho","status":"publish","type":"post","link":"https:\/\/blogdorogeriogomes.com.br\/noticias\/2019\/06\/sergio-moro-deve-prestar-esclarecimentos-no-senado-federal-no-proximo-dia-19-de-junho\/","title":{"rendered":"S\u00e9rgio Moro deve prestar esclarecimentos no Senado Federal no pr\u00f3ximo dia 19 de junho"},"content":{"rendered":"<p><img loading=\"lazy\" decoding=\"async\" class=\"alignnone size-medium wp-image-13019\" src=\"http:\/\/blogdorogeriogomes.com.br\/wp-content\/uploads\/2019\/06\/IMG_20190611_173706_235-300x219.jpg\" alt=\"IMG_20190611_173706_235\" width=\"300\" height=\"219\" srcset=\"https:\/\/blogdorogeriogomes.com.br\/noticias\/wp-content\/uploads\/2019\/06\/IMG_20190611_173706_235-300x219.jpg 300w, https:\/\/blogdorogeriogomes.com.br\/noticias\/wp-content\/uploads\/2019\/06\/IMG_20190611_173706_235.jpg 620w\" sizes=\"auto, (max-width: 300px) 100vw, 300px\" \/><\/p>\n<p>Pressionado a dar explica\u00e7\u00f5es no Congresso sobre conversas gravadas com o procurador da Lava Jato, Deltan Dallagnol, o ministro da Seguran\u00e7a P\u00fablica, S\u00e9rgio Moro, aceitou prestar depoimento no Senado Federal no pr\u00f3ximo dia 19 de junho, quarta-feira da pr\u00f3xima semana.<br \/>\nEle teve uma passagem pelo Senado nesta ter\u00e7a-feira, dia 11 de junho, onde se reuniu com alguns senadores aliados do Governo. Ele ser\u00e1 ouvido pela Comiss\u00e3o de Constitui\u00e7\u00e3o e Justi\u00e7a do Senado (CCJ). A defini\u00e7\u00e3o da data partiu de um acordo entre o presidente Davi Alcolumbre, base aliada e oposi\u00e7\u00e3o.<br \/>\nSer\u00e1 uma oportunidade para que S\u00e9rgio Moro explique aos senadores o conte\u00fado das mensagens reveladas pelo site The Intercept Brasil, onde o ex-juiz aparece dando pistas, conselhos, indicando testemunhas e at\u00e9 antecipando decis\u00f5es para procuradores da Opera\u00e7\u00e3o Lava Jato.<\/p>\n","protected":false},"excerpt":{"rendered":"<p>Pressionado a dar explica\u00e7\u00f5es no Congresso sobre conversas gravadas com o procurador da Lava Jato, Deltan Dallagnol, o ministro da Seguran\u00e7a P\u00fablica, S\u00e9rgio Moro, aceitou prestar depoimento no Senado Federal no pr\u00f3ximo dia 19 de junho, quarta-feira da pr\u00f3xima semana. Ele teve uma passagem pelo Senado nesta ter\u00e7a-feira, dia 11 de junho, onde se reuniu com alguns senadores aliados do Governo. Ele ser\u00e1 ouvido pela Comiss\u00e3o de Constitui\u00e7\u00e3o e Justi\u00e7a do Senado (CCJ). A defini\u00e7\u00e3o da data partiu de&hellip;<\/p>\n","protected":false},"author":1,"featured_media":0,"comment_status":"open","ping_status":"open","sticky":false,"template":"","format":"standard","meta":{"footnotes":""},"categories":[1],"tags":[],"class_list":["post-13018","post","type-post","status-publish","format-standard","hentry","category-noticias"],"_links":{"self":[{"href":"https:\/\/blogdorogeriogomes.com.br\/noticias\/wp-json\/wp\/v2\/posts\/13018","targetHints":{"allow":["GET"]}}],"collection":[{"href":"https:\/\/blogdorogeriogomes.com.br\/noticias\/wp-json\/wp\/v2\/posts"}],"about":[{"href":"https:\/\/blogdorogeriogomes.com.br\/noticias\/wp-json\/wp\/v2\/types\/post"}],"author":[{"embeddable":true,"href":"https:\/\/blogdorogeriogomes.com.br\/noticias\/wp-json\/wp\/v2\/users\/1"}],"replies":[{"embeddable":true,"href":"https:\/\/blogdorogeriogomes.com.br\/noticias\/wp-json\/wp\/v2\/comments?post=13018"}],"version-history":[{"count":1,"href":"https:\/\/blogdorogeriogomes.com.br\/noticias\/wp-json\/wp\/v2\/posts\/13018\/revisions"}],"predecessor-version":[{"id":13020,"href":"https:\/\/blogdorogeriogomes.com.br\/noticias\/wp-json\/wp\/v2\/posts\/13018\/revisions\/13020"}],"wp:attachment":[{"href":"https:\/\/blogdorogeriogomes.com.br\/noticias\/wp-json\/wp\/v2\/media?parent=13018"}],"wp:term":[{"taxonomy":"category","embeddable":true,"href":"https:\/\/blogdorogeriogomes.com.br\/noticias\/wp-json\/wp\/v2\/categories?post=13018"},{"taxonomy":"post_tag","embeddable":true,"href":"https:\/\/blogdorogeriogomes.com.br\/noticias\/wp-json\/wp\/v2\/tags?post=13018"}],"curies":[{"name":"wp","href":"https:\/\/api.w.org\/{rel}","templated":true}]}}