{"id":13021,"date":"2019-06-11T21:06:08","date_gmt":"2019-06-11T21:06:08","guid":{"rendered":"http:\/\/blogdorogeriogomes.com.br\/?p=13021"},"modified":"2019-06-11T21:06:08","modified_gmt":"2019-06-11T21:06:08","slug":"governadores-defendem-alteracoes-na-proposta-do-planalto-para-reforma-da-previdencia","status":"publish","type":"post","link":"https:\/\/blogdorogeriogomes.com.br\/noticias\/2019\/06\/governadores-defendem-alteracoes-na-proposta-do-planalto-para-reforma-da-previdencia\/","title":{"rendered":"Governadores defendem altera\u00e7\u00f5es na proposta do Planalto para reforma da Previd\u00eancia"},"content":{"rendered":"<p><img loading=\"lazy\" decoding=\"async\" class=\"alignnone size-medium wp-image-13022\" src=\"http:\/\/blogdorogeriogomes.com.br\/wp-content\/uploads\/2019\/06\/IMG_20190611_180044_943-300x225.jpg\" alt=\"IMG_20190611_180044_943\" width=\"300\" height=\"225\" srcset=\"https:\/\/blogdorogeriogomes.com.br\/noticias\/wp-content\/uploads\/2019\/06\/IMG_20190611_180044_943-300x225.jpg 300w, https:\/\/blogdorogeriogomes.com.br\/noticias\/wp-content\/uploads\/2019\/06\/IMG_20190611_180044_943-768x576.jpg 768w, https:\/\/blogdorogeriogomes.com.br\/noticias\/wp-content\/uploads\/2019\/06\/IMG_20190611_180044_943-1024x768.jpg 1024w, https:\/\/blogdorogeriogomes.com.br\/noticias\/wp-content\/uploads\/2019\/06\/IMG_20190611_180044_943.jpg 1152w\" sizes=\"auto, (max-width: 300px) 100vw, 300px\" \/><\/p>\n<p>Chefes do Executivo de todo o Pa\u00eds estiveram reunidos, nesta ter\u00e7a-feira, dia 11 de junho, em Bras\u00edlia, durante o F\u00f3rum de Governadores, que teve como debate principal a reforma da previd\u00eancia. O governador do Cear\u00e1, Camilo Santana, saiu em defesa da manuten\u00e7\u00e3o dos direitos daqueles mais necessitados na aposentadoria e o fim dos privil\u00e9gios existentes no atual modelo previdenci\u00e1rio brasileiro.<br \/>\n\u201cN\u00f3s colocamos claramente os pontos que s\u00e3o discordantes. N\u00e3o mexer no Benef\u00edcio de Presta\u00e7\u00e3o Continuada de idosos e deficientes que recebem um sal\u00e1rio m\u00ednimo, que s\u00e3o as pessoas mais pobres do Brasil. Mexer com a aposentadoria rural n\u00f3s tamb\u00e9m n\u00e3o concordamos. Retirar (da proposta) as quest\u00f5es da desconstitucionaliza\u00e7\u00e3o \u2013 garantindo que toda mudan\u00e7a na Previd\u00eancia seja atrav\u00e9s de emenda \u00e0 Constitui\u00e7\u00e3o \u2013 e tamb\u00e9m da capitaliza\u00e7\u00e3o \u2013 defendendo um modelo de aposentadoria complementar com reparti\u00e7\u00e3o e que continue a contribui\u00e7\u00e3o pelo lado patronal. Al\u00e9m disso, rever as mudan\u00e7as para os professores, principalmente para as professoras, cuja proposta \u00e9 aumentar em 15 anos a contribui\u00e7\u00e3o\u201d, disse Camilo Santana.<br \/>\nO encontro teve a participa\u00e7\u00e3o do presidente da C\u00e2mara dos Deputados, Rodrigo Maia, do relator da proposta da Reforma da Previd\u00eancia, deputado Samuel Moreira, e do secret\u00e1rio especial de Previd\u00eancia e Trabalho do Minist\u00e9rio da Economia, Rog\u00e9rio Marinho.<\/p>\n","protected":false},"excerpt":{"rendered":"<p>Chefes do Executivo de todo o Pa\u00eds estiveram reunidos, nesta ter\u00e7a-feira, dia 11 de junho, em Bras\u00edlia, durante o F\u00f3rum de Governadores, que teve como debate principal a reforma da previd\u00eancia. O governador do Cear\u00e1, Camilo Santana, saiu em defesa da manuten\u00e7\u00e3o dos direitos daqueles mais necessitados na aposentadoria e o fim dos privil\u00e9gios existentes no atual modelo previdenci\u00e1rio brasileiro. \u201cN\u00f3s colocamos claramente os pontos que s\u00e3o discordantes. N\u00e3o mexer no Benef\u00edcio de Presta\u00e7\u00e3o Continuada de idosos e deficientes&hellip;<\/p>\n","protected":false},"author":1,"featured_media":0,"comment_status":"open","ping_status":"open","sticky":false,"template":"","format":"standard","meta":{"footnotes":""},"categories":[1],"tags":[],"class_list":["post-13021","post","type-post","status-publish","format-standard","hentry","category-noticias"],"_links":{"self":[{"href":"https:\/\/blogdorogeriogomes.com.br\/noticias\/wp-json\/wp\/v2\/posts\/13021","targetHints":{"allow":["GET"]}}],"collection":[{"href":"https:\/\/blogdorogeriogomes.com.br\/noticias\/wp-json\/wp\/v2\/posts"}],"about":[{"href":"https:\/\/blogdorogeriogomes.com.br\/noticias\/wp-json\/wp\/v2\/types\/post"}],"author":[{"embeddable":true,"href":"https:\/\/blogdorogeriogomes.com.br\/noticias\/wp-json\/wp\/v2\/users\/1"}],"replies":[{"embeddable":true,"href":"https:\/\/blogdorogeriogomes.com.br\/noticias\/wp-json\/wp\/v2\/comments?post=13021"}],"version-history":[{"count":1,"href":"https:\/\/blogdorogeriogomes.com.br\/noticias\/wp-json\/wp\/v2\/posts\/13021\/revisions"}],"predecessor-version":[{"id":13023,"href":"https:\/\/blogdorogeriogomes.com.br\/noticias\/wp-json\/wp\/v2\/posts\/13021\/revisions\/13023"}],"wp:attachment":[{"href":"https:\/\/blogdorogeriogomes.com.br\/noticias\/wp-json\/wp\/v2\/media?parent=13021"}],"wp:term":[{"taxonomy":"category","embeddable":true,"href":"https:\/\/blogdorogeriogomes.com.br\/noticias\/wp-json\/wp\/v2\/categories?post=13021"},{"taxonomy":"post_tag","embeddable":true,"href":"https:\/\/blogdorogeriogomes.com.br\/noticias\/wp-json\/wp\/v2\/tags?post=13021"}],"curies":[{"name":"wp","href":"https:\/\/api.w.org\/{rel}","templated":true}]}}