{"id":13030,"date":"2019-06-12T22:25:25","date_gmt":"2019-06-12T22:25:25","guid":{"rendered":"http:\/\/blogdorogeriogomes.com.br\/?p=13030"},"modified":"2019-06-12T22:25:25","modified_gmt":"2019-06-12T22:25:25","slug":"relator-da-reforma-da-previdencia-confirma-mudancas-no-texto-a-ser-votado-na-comissao-especial","status":"publish","type":"post","link":"https:\/\/blogdorogeriogomes.com.br\/noticias\/2019\/06\/relator-da-reforma-da-previdencia-confirma-mudancas-no-texto-a-ser-votado-na-comissao-especial\/","title":{"rendered":"Relator da reforma da Previd\u00eancia confirma mudan\u00e7as no texto a ser votado na Comiss\u00e3o Especial"},"content":{"rendered":"<p><img loading=\"lazy\" decoding=\"async\" class=\"alignnone size-medium wp-image-13031\" src=\"http:\/\/blogdorogeriogomes.com.br\/wp-content\/uploads\/2019\/06\/IMG_20190612_192000_555-300x226.jpg\" alt=\"IMG_20190612_192000_555\" width=\"300\" height=\"226\" srcset=\"https:\/\/blogdorogeriogomes.com.br\/noticias\/wp-content\/uploads\/2019\/06\/IMG_20190612_192000_555-300x226.jpg 300w, https:\/\/blogdorogeriogomes.com.br\/noticias\/wp-content\/uploads\/2019\/06\/IMG_20190612_192000_555.jpg 633w\" sizes=\"auto, (max-width: 300px) 100vw, 300px\" \/><\/p>\n<p>A press\u00e3o dos deputados do Centr\u00e3o, na C\u00e2mara dos Deputados, em rela\u00e7\u00e3o a reforma da Previd\u00eancia j\u00e1 tem um efeito pr\u00e1tico. O relator da Reforma da Previd\u00eancia, Samuel Moreira (PSDB-SP), confirmou que ir\u00e1 apresentar diversas mudan\u00e7as no texto que vai \u00e0 vota\u00e7\u00e3o na Comiss\u00e3o Especial da proposta, na C\u00e2mara. Entre as altera\u00e7\u00f5es est\u00e3o a exclus\u00e3o de pontos como regime de capitaliza\u00e7\u00e3o, aposentadoria rural, Benef\u00edcio de Presta\u00e7\u00e3o Continuada (BPC), bem como os estados e os munic\u00edpios.<br \/>\nO regime de capitaliza\u00e7\u00e3o, que \u00e9 uma esp\u00e9cie de poupan\u00e7a que o trabalhador faz para garantir a aposentadoria no futuro; poss\u00edveis mudan\u00e7as sobre a aposentadoria rural e do BPC, que \u00e9 pago a idosos e a deficientes em vulnerabilidade social e econ\u00f4mica.<br \/>\nCaso haja mobiliza\u00e7\u00e3o de governadores, estados e munic\u00edpios, poder\u00e3o ser reinclu\u00eddos, mas j\u00e1 no Plen\u00e1rio da Casa. O relat\u00f3rio do deputado Samuel Moreira deve ser lido nesta quinta-feira, dia 13 de junho, na comiss\u00e3o especial na C\u00e2mara dos Deputados.<br \/>\nA expectativa dos l\u00edderes partid\u00e1rios \u00e9 de que a economia com a reforma, em dez anos, seja de R$ 900 bilh\u00f5es, valor inferior ao almejado pelo governo Jair Bolsonaro, de R$ 1,24 trilh\u00e3o. Resta saber como ir\u00e1 reagir o ministro da Economia, Paulo Guedes, a este novo patamar.<\/p>\n","protected":false},"excerpt":{"rendered":"<p>A press\u00e3o dos deputados do Centr\u00e3o, na C\u00e2mara dos Deputados, em rela\u00e7\u00e3o a reforma da Previd\u00eancia j\u00e1 tem um efeito pr\u00e1tico. O relator da Reforma da Previd\u00eancia, Samuel Moreira (PSDB-SP), confirmou que ir\u00e1 apresentar diversas mudan\u00e7as no texto que vai \u00e0 vota\u00e7\u00e3o na Comiss\u00e3o Especial da proposta, na C\u00e2mara. Entre as altera\u00e7\u00f5es est\u00e3o a exclus\u00e3o de pontos como regime de capitaliza\u00e7\u00e3o, aposentadoria rural, Benef\u00edcio de Presta\u00e7\u00e3o Continuada (BPC), bem como os estados e os munic\u00edpios. O regime de capitaliza\u00e7\u00e3o,&hellip;<\/p>\n","protected":false},"author":1,"featured_media":0,"comment_status":"open","ping_status":"open","sticky":false,"template":"","format":"standard","meta":{"footnotes":""},"categories":[1],"tags":[],"class_list":["post-13030","post","type-post","status-publish","format-standard","hentry","category-noticias"],"_links":{"self":[{"href":"https:\/\/blogdorogeriogomes.com.br\/noticias\/wp-json\/wp\/v2\/posts\/13030","targetHints":{"allow":["GET"]}}],"collection":[{"href":"https:\/\/blogdorogeriogomes.com.br\/noticias\/wp-json\/wp\/v2\/posts"}],"about":[{"href":"https:\/\/blogdorogeriogomes.com.br\/noticias\/wp-json\/wp\/v2\/types\/post"}],"author":[{"embeddable":true,"href":"https:\/\/blogdorogeriogomes.com.br\/noticias\/wp-json\/wp\/v2\/users\/1"}],"replies":[{"embeddable":true,"href":"https:\/\/blogdorogeriogomes.com.br\/noticias\/wp-json\/wp\/v2\/comments?post=13030"}],"version-history":[{"count":1,"href":"https:\/\/blogdorogeriogomes.com.br\/noticias\/wp-json\/wp\/v2\/posts\/13030\/revisions"}],"predecessor-version":[{"id":13032,"href":"https:\/\/blogdorogeriogomes.com.br\/noticias\/wp-json\/wp\/v2\/posts\/13030\/revisions\/13032"}],"wp:attachment":[{"href":"https:\/\/blogdorogeriogomes.com.br\/noticias\/wp-json\/wp\/v2\/media?parent=13030"}],"wp:term":[{"taxonomy":"category","embeddable":true,"href":"https:\/\/blogdorogeriogomes.com.br\/noticias\/wp-json\/wp\/v2\/categories?post=13030"},{"taxonomy":"post_tag","embeddable":true,"href":"https:\/\/blogdorogeriogomes.com.br\/noticias\/wp-json\/wp\/v2\/tags?post=13030"}],"curies":[{"name":"wp","href":"https:\/\/api.w.org\/{rel}","templated":true}]}}