{"id":13033,"date":"2019-06-12T22:41:43","date_gmt":"2019-06-12T22:41:43","guid":{"rendered":"http:\/\/blogdorogeriogomes.com.br\/?p=13033"},"modified":"2019-06-12T22:41:43","modified_gmt":"2019-06-12T22:41:43","slug":"ccj-do-senado-aprova-projeto-que-derruba-decreto-das-armas-de-jair-bolsonaro","status":"publish","type":"post","link":"https:\/\/blogdorogeriogomes.com.br\/noticias\/2019\/06\/ccj-do-senado-aprova-projeto-que-derruba-decreto-das-armas-de-jair-bolsonaro\/","title":{"rendered":"CCJ do Senado aprova projeto que derruba decreto das armas de Jair Bolsonaro"},"content":{"rendered":"<p><img loading=\"lazy\" decoding=\"async\" class=\"alignnone size-medium wp-image-13034\" src=\"http:\/\/blogdorogeriogomes.com.br\/wp-content\/uploads\/2019\/06\/IMG_20190612_193623_190-300x200.jpg\" alt=\"IMG_20190612_193623_190\" width=\"300\" height=\"200\" srcset=\"https:\/\/blogdorogeriogomes.com.br\/noticias\/wp-content\/uploads\/2019\/06\/IMG_20190612_193623_190-300x200.jpg 300w, https:\/\/blogdorogeriogomes.com.br\/noticias\/wp-content\/uploads\/2019\/06\/IMG_20190612_193623_190.jpg 678w\" sizes=\"auto, (max-width: 300px) 100vw, 300px\" \/><\/p>\n<p>O Senado Federal marcou para a pr\u00f3xima ter\u00e7a-feira, dia 18 de junho, a vota\u00e7\u00e3o em plen\u00e1rio dos projetos que tentam derrubar o decreto das armas assinado pelo presidente Jair Bolsonaro. O assunto avan\u00e7ou na Comiss\u00e3o de Constitui\u00e7\u00e3o e Justi\u00e7a. Por 15 a 9 na vota\u00e7\u00e3o, a CCJ do Senado aprovou projeto legislativo que derruba o decreto das armas de Jair Bolsonaro.<br \/>\nA proposta vinda do Pal\u00e1cio do Planalto ampliava a posse e o porte de armamento de fogo para 19 categorias profissionais, entre elas jornalistas e advogados.<br \/>\nO projeto legislativo aprovado na CCJ do Senado questiona o decreto de Bolsonaro, defende que a medida \u00e9 inconstitucional e que o presidente n\u00e3o pode legislar por meio de um ato normativo de iniciativa pr\u00f3pria. Os autores argumentam que, nesse caso, houve uma invas\u00e3o de compet\u00eancia.<\/p>\n","protected":false},"excerpt":{"rendered":"<p>O Senado Federal marcou para a pr\u00f3xima ter\u00e7a-feira, dia 18 de junho, a vota\u00e7\u00e3o em plen\u00e1rio dos projetos que tentam derrubar o decreto das armas assinado pelo presidente Jair Bolsonaro. O assunto avan\u00e7ou na Comiss\u00e3o de Constitui\u00e7\u00e3o e Justi\u00e7a. Por 15 a 9 na vota\u00e7\u00e3o, a CCJ do Senado aprovou projeto legislativo que derruba o decreto das armas de Jair Bolsonaro. A proposta vinda do Pal\u00e1cio do Planalto ampliava a posse e o porte de armamento de fogo para&hellip;<\/p>\n","protected":false},"author":1,"featured_media":0,"comment_status":"open","ping_status":"open","sticky":false,"template":"","format":"standard","meta":{"footnotes":""},"categories":[1],"tags":[],"class_list":["post-13033","post","type-post","status-publish","format-standard","hentry","category-noticias"],"_links":{"self":[{"href":"https:\/\/blogdorogeriogomes.com.br\/noticias\/wp-json\/wp\/v2\/posts\/13033","targetHints":{"allow":["GET"]}}],"collection":[{"href":"https:\/\/blogdorogeriogomes.com.br\/noticias\/wp-json\/wp\/v2\/posts"}],"about":[{"href":"https:\/\/blogdorogeriogomes.com.br\/noticias\/wp-json\/wp\/v2\/types\/post"}],"author":[{"embeddable":true,"href":"https:\/\/blogdorogeriogomes.com.br\/noticias\/wp-json\/wp\/v2\/users\/1"}],"replies":[{"embeddable":true,"href":"https:\/\/blogdorogeriogomes.com.br\/noticias\/wp-json\/wp\/v2\/comments?post=13033"}],"version-history":[{"count":1,"href":"https:\/\/blogdorogeriogomes.com.br\/noticias\/wp-json\/wp\/v2\/posts\/13033\/revisions"}],"predecessor-version":[{"id":13035,"href":"https:\/\/blogdorogeriogomes.com.br\/noticias\/wp-json\/wp\/v2\/posts\/13033\/revisions\/13035"}],"wp:attachment":[{"href":"https:\/\/blogdorogeriogomes.com.br\/noticias\/wp-json\/wp\/v2\/media?parent=13033"}],"wp:term":[{"taxonomy":"category","embeddable":true,"href":"https:\/\/blogdorogeriogomes.com.br\/noticias\/wp-json\/wp\/v2\/categories?post=13033"},{"taxonomy":"post_tag","embeddable":true,"href":"https:\/\/blogdorogeriogomes.com.br\/noticias\/wp-json\/wp\/v2\/tags?post=13033"}],"curies":[{"name":"wp","href":"https:\/\/api.w.org\/{rel}","templated":true}]}}