{"id":13037,"date":"2019-06-13T09:24:08","date_gmt":"2019-06-13T09:24:08","guid":{"rendered":"http:\/\/blogdorogeriogomes.com.br\/?p=13037"},"modified":"2019-06-13T09:24:08","modified_gmt":"2019-06-13T09:24:08","slug":"camilo-santana-e-bancada-federal-cobram-recursos-para-conclusao-da-transposicao-no-ceara","status":"publish","type":"post","link":"https:\/\/blogdorogeriogomes.com.br\/noticias\/2019\/06\/camilo-santana-e-bancada-federal-cobram-recursos-para-conclusao-da-transposicao-no-ceara\/","title":{"rendered":"Camilo Santana e bancada federal cobram recursos para conclus\u00e3o da transposi\u00e7\u00e3o no Cear\u00e1"},"content":{"rendered":"<p><img loading=\"lazy\" decoding=\"async\" class=\"alignnone size-medium wp-image-13038\" src=\"http:\/\/blogdorogeriogomes.com.br\/wp-content\/uploads\/2019\/06\/IMG_20190613_061821_427-300x225.jpg\" alt=\"IMG_20190613_061821_427\" width=\"300\" height=\"225\" srcset=\"https:\/\/blogdorogeriogomes.com.br\/noticias\/wp-content\/uploads\/2019\/06\/IMG_20190613_061821_427-300x225.jpg 300w, https:\/\/blogdorogeriogomes.com.br\/noticias\/wp-content\/uploads\/2019\/06\/IMG_20190613_061821_427-768x576.jpg 768w, https:\/\/blogdorogeriogomes.com.br\/noticias\/wp-content\/uploads\/2019\/06\/IMG_20190613_061821_427.jpg 1024w\" sizes=\"auto, (max-width: 300px) 100vw, 300px\" \/><\/p>\n<p>Em mais um giro por Bras\u00edlia, o governador do Cear\u00e1, Camilo Santana, se reuniu com 17 deputados federais e dois senadores da bancada cearense e tamb\u00e9m com o ministro do Desenvolvimento Regional, Gustavo Canuto.<br \/>\nCom os parlamentares, Camilo tratou de obras no Cear\u00e1 que dependem de recursos federais, principalmente de infraestrutura h\u00eddrica. Tamb\u00e9m ressaltou os pontos debatidos na reuni\u00e3o dos governadores reforma da previd\u00eancia.<br \/>\nNo encontro com o ministro do Desenvolvimento Regional, Gustavo Canuto, o governador cearense entregou uma lista de obras federais no Estado e pediu colabora\u00e7\u00e3o para a condu\u00e7\u00e3o de programas importantes para o Cear\u00e1. Nesta semana, ficou acordado que o Governo Federal deve liberar recursos para as obras do Rio S\u00e3o Francisco. O trecho entre Pernambuco e Cear\u00e1 falta menos de 2% para conclus\u00e3o.<\/p>\n","protected":false},"excerpt":{"rendered":"<p>Em mais um giro por Bras\u00edlia, o governador do Cear\u00e1, Camilo Santana, se reuniu com 17 deputados federais e dois senadores da bancada cearense e tamb\u00e9m com o ministro do Desenvolvimento Regional, Gustavo Canuto. Com os parlamentares, Camilo tratou de obras no Cear\u00e1 que dependem de recursos federais, principalmente de infraestrutura h\u00eddrica. Tamb\u00e9m ressaltou os pontos debatidos na reuni\u00e3o dos governadores reforma da previd\u00eancia. No encontro com o ministro do Desenvolvimento Regional, Gustavo Canuto, o governador cearense entregou uma&hellip;<\/p>\n","protected":false},"author":1,"featured_media":0,"comment_status":"open","ping_status":"open","sticky":false,"template":"","format":"standard","meta":{"footnotes":""},"categories":[1],"tags":[],"class_list":["post-13037","post","type-post","status-publish","format-standard","hentry","category-noticias"],"_links":{"self":[{"href":"https:\/\/blogdorogeriogomes.com.br\/noticias\/wp-json\/wp\/v2\/posts\/13037","targetHints":{"allow":["GET"]}}],"collection":[{"href":"https:\/\/blogdorogeriogomes.com.br\/noticias\/wp-json\/wp\/v2\/posts"}],"about":[{"href":"https:\/\/blogdorogeriogomes.com.br\/noticias\/wp-json\/wp\/v2\/types\/post"}],"author":[{"embeddable":true,"href":"https:\/\/blogdorogeriogomes.com.br\/noticias\/wp-json\/wp\/v2\/users\/1"}],"replies":[{"embeddable":true,"href":"https:\/\/blogdorogeriogomes.com.br\/noticias\/wp-json\/wp\/v2\/comments?post=13037"}],"version-history":[{"count":1,"href":"https:\/\/blogdorogeriogomes.com.br\/noticias\/wp-json\/wp\/v2\/posts\/13037\/revisions"}],"predecessor-version":[{"id":13039,"href":"https:\/\/blogdorogeriogomes.com.br\/noticias\/wp-json\/wp\/v2\/posts\/13037\/revisions\/13039"}],"wp:attachment":[{"href":"https:\/\/blogdorogeriogomes.com.br\/noticias\/wp-json\/wp\/v2\/media?parent=13037"}],"wp:term":[{"taxonomy":"category","embeddable":true,"href":"https:\/\/blogdorogeriogomes.com.br\/noticias\/wp-json\/wp\/v2\/categories?post=13037"},{"taxonomy":"post_tag","embeddable":true,"href":"https:\/\/blogdorogeriogomes.com.br\/noticias\/wp-json\/wp\/v2\/tags?post=13037"}],"curies":[{"name":"wp","href":"https:\/\/api.w.org\/{rel}","templated":true}]}}