{"id":13040,"date":"2019-06-13T20:51:22","date_gmt":"2019-06-13T20:51:22","guid":{"rendered":"http:\/\/blogdorogeriogomes.com.br\/?p=13040"},"modified":"2019-06-13T20:51:22","modified_gmt":"2019-06-13T20:51:22","slug":"deputada-federal-tabata-amaral-participa-de-debates-sobre-educacao-no-ceara","status":"publish","type":"post","link":"https:\/\/blogdorogeriogomes.com.br\/noticias\/2019\/06\/deputada-federal-tabata-amaral-participa-de-debates-sobre-educacao-no-ceara\/","title":{"rendered":"Deputada federal Tabata Amaral participa de debates sobre educa\u00e7\u00e3o no Cear\u00e1"},"content":{"rendered":"<p><img loading=\"lazy\" decoding=\"async\" class=\"alignnone size-medium wp-image-13041\" src=\"http:\/\/blogdorogeriogomes.com.br\/wp-content\/uploads\/2019\/06\/IMG_20190613_174642_073-300x294.jpg\" alt=\"IMG_20190613_174642_073\" width=\"300\" height=\"294\" srcset=\"https:\/\/blogdorogeriogomes.com.br\/noticias\/wp-content\/uploads\/2019\/06\/IMG_20190613_174642_073-300x294.jpg 300w, https:\/\/blogdorogeriogomes.com.br\/noticias\/wp-content\/uploads\/2019\/06\/IMG_20190613_174642_073.jpg 560w\" sizes=\"auto, (max-width: 300px) 100vw, 300px\" \/><\/p>\n<p>A deputada federal Tabata Amaral (PDT-SP) cumpre agenda no Cear\u00e1 nesta sexta-feira, dia 14 de junho, e s\u00e1bado, dia 15. A parlamentar tem se destacado nos debates sobre educa\u00e7\u00e3o na C\u00e2mara dos Deputados. Jovem, ela conquistou bolsa integral em seis das mais prestigiadas universidades americanas, inclusive Harvard, onde se formou em Ci\u00eancias Pol\u00edticas e Astrof\u00edsica.<br \/>\nT\u00e1bata Amaral participa de debates nesta sexta-feira no Centro Universit\u00e1rio Est\u00e1cio do Cear\u00e1 e no Cuca, do Mondubim. Ela ainda vai conhecer o modelo educacional aplicado na Escola de Tempo Integral Hildete de S\u00e1 Cavalcante, gerida pela Prefeitura de Fortaleza.<br \/>\nNo s\u00e1bado, dia 15, a deputada federal do PDT estar\u00e1 em Sobral, a convite do prefeito Ivo Gomes (PDT), para uma aula inaugural do curso preparat\u00f3rio do Exame Nacional do Ensino M\u00e9dio (Enem) com alunos do Munic\u00edpio, no Centro de Conven\u00e7\u00f5es de Sobral.<\/p>\n","protected":false},"excerpt":{"rendered":"<p>A deputada federal Tabata Amaral (PDT-SP) cumpre agenda no Cear\u00e1 nesta sexta-feira, dia 14 de junho, e s\u00e1bado, dia 15. A parlamentar tem se destacado nos debates sobre educa\u00e7\u00e3o na C\u00e2mara dos Deputados. Jovem, ela conquistou bolsa integral em seis das mais prestigiadas universidades americanas, inclusive Harvard, onde se formou em Ci\u00eancias Pol\u00edticas e Astrof\u00edsica. T\u00e1bata Amaral participa de debates nesta sexta-feira no Centro Universit\u00e1rio Est\u00e1cio do Cear\u00e1 e no Cuca, do Mondubim. Ela ainda vai conhecer o modelo&hellip;<\/p>\n","protected":false},"author":1,"featured_media":0,"comment_status":"open","ping_status":"open","sticky":false,"template":"","format":"standard","meta":{"footnotes":""},"categories":[1],"tags":[],"class_list":["post-13040","post","type-post","status-publish","format-standard","hentry","category-noticias"],"_links":{"self":[{"href":"https:\/\/blogdorogeriogomes.com.br\/noticias\/wp-json\/wp\/v2\/posts\/13040","targetHints":{"allow":["GET"]}}],"collection":[{"href":"https:\/\/blogdorogeriogomes.com.br\/noticias\/wp-json\/wp\/v2\/posts"}],"about":[{"href":"https:\/\/blogdorogeriogomes.com.br\/noticias\/wp-json\/wp\/v2\/types\/post"}],"author":[{"embeddable":true,"href":"https:\/\/blogdorogeriogomes.com.br\/noticias\/wp-json\/wp\/v2\/users\/1"}],"replies":[{"embeddable":true,"href":"https:\/\/blogdorogeriogomes.com.br\/noticias\/wp-json\/wp\/v2\/comments?post=13040"}],"version-history":[{"count":1,"href":"https:\/\/blogdorogeriogomes.com.br\/noticias\/wp-json\/wp\/v2\/posts\/13040\/revisions"}],"predecessor-version":[{"id":13042,"href":"https:\/\/blogdorogeriogomes.com.br\/noticias\/wp-json\/wp\/v2\/posts\/13040\/revisions\/13042"}],"wp:attachment":[{"href":"https:\/\/blogdorogeriogomes.com.br\/noticias\/wp-json\/wp\/v2\/media?parent=13040"}],"wp:term":[{"taxonomy":"category","embeddable":true,"href":"https:\/\/blogdorogeriogomes.com.br\/noticias\/wp-json\/wp\/v2\/categories?post=13040"},{"taxonomy":"post_tag","embeddable":true,"href":"https:\/\/blogdorogeriogomes.com.br\/noticias\/wp-json\/wp\/v2\/tags?post=13040"}],"curies":[{"name":"wp","href":"https:\/\/api.w.org\/{rel}","templated":true}]}}