{"id":13043,"date":"2019-06-13T21:05:45","date_gmt":"2019-06-13T21:05:45","guid":{"rendered":"http:\/\/blogdorogeriogomes.com.br\/?p=13043"},"modified":"2019-06-13T21:05:45","modified_gmt":"2019-06-13T21:05:45","slug":"general-santos-cruz-e-o-terceiro-ministro-a-cair-no-governo-bolsonaro","status":"publish","type":"post","link":"https:\/\/blogdorogeriogomes.com.br\/noticias\/2019\/06\/general-santos-cruz-e-o-terceiro-ministro-a-cair-no-governo-bolsonaro\/","title":{"rendered":"General Santos Cruz \u00e9 o terceiro ministro a cair no Governo Bolsonaro"},"content":{"rendered":"<p><img loading=\"lazy\" decoding=\"async\" class=\"alignnone size-medium wp-image-13044\" src=\"http:\/\/blogdorogeriogomes.com.br\/wp-content\/uploads\/2019\/06\/IMG_20190613_180139_445-300x250.jpg\" alt=\"IMG_20190613_180139_445\" width=\"300\" height=\"250\" srcset=\"https:\/\/blogdorogeriogomes.com.br\/noticias\/wp-content\/uploads\/2019\/06\/IMG_20190613_180139_445-300x250.jpg 300w, https:\/\/blogdorogeriogomes.com.br\/noticias\/wp-content\/uploads\/2019\/06\/IMG_20190613_180139_445.jpg 373w\" sizes=\"auto, (max-width: 300px) 100vw, 300px\" \/><\/p>\n<p>Cai o terceiro ministro do Governo Bolsonaro. O general Carlos Alberto dos Santos Cruz foi demitido pelo presidente Jair Bolsonaro e deixar\u00e1 o minist\u00e9rio da Secretaria Geral da Presid\u00eancia. O militar foi comunicado de sua sa\u00edda em reuni\u00e3o nesta quinta-feira, dia 13 de junho, em que estavam, al\u00e9m do presidente, os ministros da Defesa, Fernando Azevedo e Silva, e do Gabinete de Seguran\u00e7a Institucional, Augusto Heleno Santos.<br \/>\nDurante sua perman\u00eancia no Planalto, o militar foi alvo constante de cr\u00edticas dos filhos do presidente e do ide\u00f3logo Olavo de Carvalho, alimentando um embate entre a ala militar e os olavistas.<br \/>\nSanta Cruz \u00e9 o terceiro ministro a cair na gest\u00e3o Bolsonaro, ap\u00f3s as quedas de Gustavo Bebianno (Secretaria Geral), por causa da crise dos laranjas, e Ricardo V\u00e9lez Rodr\u00edguez (Educa\u00e7\u00e3o), pelas falhas de gest\u00e3o na pasta.<\/p>\n","protected":false},"excerpt":{"rendered":"<p>Cai o terceiro ministro do Governo Bolsonaro. O general Carlos Alberto dos Santos Cruz foi demitido pelo presidente Jair Bolsonaro e deixar\u00e1 o minist\u00e9rio da Secretaria Geral da Presid\u00eancia. O militar foi comunicado de sua sa\u00edda em reuni\u00e3o nesta quinta-feira, dia 13 de junho, em que estavam, al\u00e9m do presidente, os ministros da Defesa, Fernando Azevedo e Silva, e do Gabinete de Seguran\u00e7a Institucional, Augusto Heleno Santos. Durante sua perman\u00eancia no Planalto, o militar foi alvo constante de cr\u00edticas&hellip;<\/p>\n","protected":false},"author":1,"featured_media":0,"comment_status":"open","ping_status":"open","sticky":false,"template":"","format":"standard","meta":{"footnotes":""},"categories":[1],"tags":[],"class_list":["post-13043","post","type-post","status-publish","format-standard","hentry","category-noticias"],"_links":{"self":[{"href":"https:\/\/blogdorogeriogomes.com.br\/noticias\/wp-json\/wp\/v2\/posts\/13043","targetHints":{"allow":["GET"]}}],"collection":[{"href":"https:\/\/blogdorogeriogomes.com.br\/noticias\/wp-json\/wp\/v2\/posts"}],"about":[{"href":"https:\/\/blogdorogeriogomes.com.br\/noticias\/wp-json\/wp\/v2\/types\/post"}],"author":[{"embeddable":true,"href":"https:\/\/blogdorogeriogomes.com.br\/noticias\/wp-json\/wp\/v2\/users\/1"}],"replies":[{"embeddable":true,"href":"https:\/\/blogdorogeriogomes.com.br\/noticias\/wp-json\/wp\/v2\/comments?post=13043"}],"version-history":[{"count":1,"href":"https:\/\/blogdorogeriogomes.com.br\/noticias\/wp-json\/wp\/v2\/posts\/13043\/revisions"}],"predecessor-version":[{"id":13045,"href":"https:\/\/blogdorogeriogomes.com.br\/noticias\/wp-json\/wp\/v2\/posts\/13043\/revisions\/13045"}],"wp:attachment":[{"href":"https:\/\/blogdorogeriogomes.com.br\/noticias\/wp-json\/wp\/v2\/media?parent=13043"}],"wp:term":[{"taxonomy":"category","embeddable":true,"href":"https:\/\/blogdorogeriogomes.com.br\/noticias\/wp-json\/wp\/v2\/categories?post=13043"},{"taxonomy":"post_tag","embeddable":true,"href":"https:\/\/blogdorogeriogomes.com.br\/noticias\/wp-json\/wp\/v2\/tags?post=13043"}],"curies":[{"name":"wp","href":"https:\/\/api.w.org\/{rel}","templated":true}]}}