{"id":13046,"date":"2019-06-14T08:40:52","date_gmt":"2019-06-14T08:40:52","guid":{"rendered":"http:\/\/blogdorogeriogomes.com.br\/?p=13046"},"modified":"2019-06-14T08:40:52","modified_gmt":"2019-06-14T08:40:52","slug":"centrais-sindicais-prometem-manifestacoes-e-paralisacoes-nesta-sexta-feira-em-todo-o-pais","status":"publish","type":"post","link":"https:\/\/blogdorogeriogomes.com.br\/noticias\/2019\/06\/centrais-sindicais-prometem-manifestacoes-e-paralisacoes-nesta-sexta-feira-em-todo-o-pais\/","title":{"rendered":"Centrais sindicais prometem manifesta\u00e7\u00f5es e paralisa\u00e7\u00f5es nesta sexta-feira em todo o Pa\u00eds"},"content":{"rendered":"<p><img loading=\"lazy\" decoding=\"async\" class=\"alignnone size-medium wp-image-13047\" src=\"http:\/\/blogdorogeriogomes.com.br\/wp-content\/uploads\/2019\/06\/IMG_20190614_053640_201-300x189.jpg\" alt=\"IMG_20190614_053640_201\" width=\"300\" height=\"189\" srcset=\"https:\/\/blogdorogeriogomes.com.br\/noticias\/wp-content\/uploads\/2019\/06\/IMG_20190614_053640_201-300x189.jpg 300w, https:\/\/blogdorogeriogomes.com.br\/noticias\/wp-content\/uploads\/2019\/06\/IMG_20190614_053640_201.jpg 700w\" sizes=\"auto, (max-width: 300px) 100vw, 300px\" \/><\/p>\n<p>Esta sexta-feira, dia 14 de junho, promete ser de paralisa\u00e7\u00f5es e manifesta\u00e7\u00f5es em todo o Pa\u00eds contra a reforma da Previd\u00eancia, que tramita na C\u00e2mara Federal. No Cear\u00e1, a Federa\u00e7\u00e3o dos Trabalhadores no Servi\u00e7o P\u00fablico Municipal do Cear\u00e1 (Fetamce), sindicatos, entidades sindicais e movimentos sociais organizados preparam atos em todo o Estado. Est\u00e3o previstas mobiliza\u00e7\u00f5es em Fortaleza e em cidades do interior cearense.<br \/>\nNa Capital, o Sindicato dos Trabalhadores em Transportes Rodovi\u00e1rios do Estado do Cear\u00e1 (Sintro) resolveu aderir \u00e0 greve geral desta sexta-feira e n\u00e3o fazer a circula\u00e7\u00e3o de \u00f4nibus. O Sindicato das Empresas de Transporte de Passageiros do Cear\u00e1 (Sindi\u00f4nibus), no entanto, informa que haver\u00e1 opera\u00e7\u00e3o normal neste dia.<br \/>\nCentrais sindicais de todo o Pa\u00eds est\u00e3o mobilizadas em torno da greve por um dia contra a reforma da Previd\u00eancia. A paralisa\u00e7\u00e3o deve afetar principalmente as aulas em escolas e universidades, como tamb\u00e9m o setor de transporte nas capitais.<\/p>\n","protected":false},"excerpt":{"rendered":"<p>Esta sexta-feira, dia 14 de junho, promete ser de paralisa\u00e7\u00f5es e manifesta\u00e7\u00f5es em todo o Pa\u00eds contra a reforma da Previd\u00eancia, que tramita na C\u00e2mara Federal. No Cear\u00e1, a Federa\u00e7\u00e3o dos Trabalhadores no Servi\u00e7o P\u00fablico Municipal do Cear\u00e1 (Fetamce), sindicatos, entidades sindicais e movimentos sociais organizados preparam atos em todo o Estado. Est\u00e3o previstas mobiliza\u00e7\u00f5es em Fortaleza e em cidades do interior cearense. Na Capital, o Sindicato dos Trabalhadores em Transportes Rodovi\u00e1rios do Estado do Cear\u00e1 (Sintro) resolveu aderir&hellip;<\/p>\n","protected":false},"author":1,"featured_media":0,"comment_status":"open","ping_status":"open","sticky":false,"template":"","format":"standard","meta":{"footnotes":""},"categories":[1],"tags":[],"class_list":["post-13046","post","type-post","status-publish","format-standard","hentry","category-noticias"],"_links":{"self":[{"href":"https:\/\/blogdorogeriogomes.com.br\/noticias\/wp-json\/wp\/v2\/posts\/13046","targetHints":{"allow":["GET"]}}],"collection":[{"href":"https:\/\/blogdorogeriogomes.com.br\/noticias\/wp-json\/wp\/v2\/posts"}],"about":[{"href":"https:\/\/blogdorogeriogomes.com.br\/noticias\/wp-json\/wp\/v2\/types\/post"}],"author":[{"embeddable":true,"href":"https:\/\/blogdorogeriogomes.com.br\/noticias\/wp-json\/wp\/v2\/users\/1"}],"replies":[{"embeddable":true,"href":"https:\/\/blogdorogeriogomes.com.br\/noticias\/wp-json\/wp\/v2\/comments?post=13046"}],"version-history":[{"count":1,"href":"https:\/\/blogdorogeriogomes.com.br\/noticias\/wp-json\/wp\/v2\/posts\/13046\/revisions"}],"predecessor-version":[{"id":13048,"href":"https:\/\/blogdorogeriogomes.com.br\/noticias\/wp-json\/wp\/v2\/posts\/13046\/revisions\/13048"}],"wp:attachment":[{"href":"https:\/\/blogdorogeriogomes.com.br\/noticias\/wp-json\/wp\/v2\/media?parent=13046"}],"wp:term":[{"taxonomy":"category","embeddable":true,"href":"https:\/\/blogdorogeriogomes.com.br\/noticias\/wp-json\/wp\/v2\/categories?post=13046"},{"taxonomy":"post_tag","embeddable":true,"href":"https:\/\/blogdorogeriogomes.com.br\/noticias\/wp-json\/wp\/v2\/tags?post=13046"}],"curies":[{"name":"wp","href":"https:\/\/api.w.org\/{rel}","templated":true}]}}