{"id":13049,"date":"2019-06-14T08:57:39","date_gmt":"2019-06-14T08:57:39","guid":{"rendered":"http:\/\/blogdorogeriogomes.com.br\/?p=13049"},"modified":"2019-06-14T08:57:39","modified_gmt":"2019-06-14T08:57:39","slug":"vereadores-da-capital-esperam-chegada-da-emenda-com-novo-modelo-de-cobranca-dos-alvaras-na-camara-municipal","status":"publish","type":"post","link":"https:\/\/blogdorogeriogomes.com.br\/noticias\/2019\/06\/vereadores-da-capital-esperam-chegada-da-emenda-com-novo-modelo-de-cobranca-dos-alvaras-na-camara-municipal\/","title":{"rendered":"Vereadores da Capital esperam chegada da emenda com novo modelo de cobran\u00e7a dos alvar\u00e1s na C\u00e2mara Municipal"},"content":{"rendered":"<p><img loading=\"lazy\" decoding=\"async\" class=\"alignnone size-medium wp-image-13050\" src=\"http:\/\/blogdorogeriogomes.com.br\/wp-content\/uploads\/2019\/06\/IMG_20190614_055324_001-300x300.jpg\" alt=\"IMG_20190614_055324_001\" width=\"300\" height=\"300\" srcset=\"https:\/\/blogdorogeriogomes.com.br\/noticias\/wp-content\/uploads\/2019\/06\/IMG_20190614_055324_001-300x300.jpg 300w, https:\/\/blogdorogeriogomes.com.br\/noticias\/wp-content\/uploads\/2019\/06\/IMG_20190614_055324_001-150x150.jpg 150w, https:\/\/blogdorogeriogomes.com.br\/noticias\/wp-content\/uploads\/2019\/06\/IMG_20190614_055324_001-768x768.jpg 768w, https:\/\/blogdorogeriogomes.com.br\/noticias\/wp-content\/uploads\/2019\/06\/IMG_20190614_055324_001-1024x1024.jpg 1024w\" sizes=\"auto, (max-width: 300px) 100vw, 300px\" \/><\/p>\n<p>O prefeito de Fortaleza, Roberto Cl\u00e1udio, anunciou uma emenda que deve alterar lei dos alvar\u00e1s em Fortaleza. O projeto do Alvar\u00e1 social ser\u00e1 inclu\u00eddo no novo C\u00f3digo da Cidade, que ainda ser\u00e1 votado na C\u00e2mara Municipal. 90% das empresas devem ser impactadas, caso proposta avance. O l\u00edder do Prefeito no Legislativo, vereador \u00c9sio Feitosa, tem a expectativa que a emenda seja aprovada at\u00e9 o in\u00edcio de julho.<br \/>\nNa nova proposta apresentada pela Prefeitura, ser\u00e1 criado um Alvar\u00e1 Social atrav\u00e9s de uma emenda ao C\u00f3digo da Cidade. Ser\u00e3o dois tipos de Alvar\u00e1 Social: um com isen\u00e7\u00e3o de taxas para entidades do terceiro setor, como igrejas ou projetos sociais e filantr\u00f3picos, que cumprem um papel social sem fins lucrativos nos bairros; e outro com taxa \u00fanica anual de R$ 50 reais para micro e pequenos empreendedores, para estimular a pequena economia dos bairros, como farm\u00e1cias, academias, lanchonetes e outros neg\u00f3cios.<br \/>\nPela regra anterior, os estabelecimentos em Fortaleza com \u00e1rea constru\u00edda de at\u00e9 40m\u00b2 teriam que pagar taxa de R$ 230. Nas unidades com \u00e1rea maior do que 40m\u00b2, seria acrescido R$ 6,50 por cada metro quadrado excedente, at\u00e9 o limite de R$ 5 mil. Entidades do terceiro setor, que n\u00e3o tem fins lucrativos, reivindicam do Munic\u00edpio o direito de n\u00e3o pagar pelos alvar\u00e1s. Elas participaram de uma audi\u00eancia p\u00fablica na C\u00e2mara dos Vereadores de Fortaleza nesta quinta-feira, dia 13 de junho.<\/p>\n","protected":false},"excerpt":{"rendered":"<p>O prefeito de Fortaleza, Roberto Cl\u00e1udio, anunciou uma emenda que deve alterar lei dos alvar\u00e1s em Fortaleza. O projeto do Alvar\u00e1 social ser\u00e1 inclu\u00eddo no novo C\u00f3digo da Cidade, que ainda ser\u00e1 votado na C\u00e2mara Municipal. 90% das empresas devem ser impactadas, caso proposta avance. O l\u00edder do Prefeito no Legislativo, vereador \u00c9sio Feitosa, tem a expectativa que a emenda seja aprovada at\u00e9 o in\u00edcio de julho. Na nova proposta apresentada pela Prefeitura, ser\u00e1 criado um Alvar\u00e1 Social atrav\u00e9s&hellip;<\/p>\n","protected":false},"author":1,"featured_media":0,"comment_status":"open","ping_status":"open","sticky":false,"template":"","format":"standard","meta":{"footnotes":""},"categories":[1],"tags":[],"class_list":["post-13049","post","type-post","status-publish","format-standard","hentry","category-noticias"],"_links":{"self":[{"href":"https:\/\/blogdorogeriogomes.com.br\/noticias\/wp-json\/wp\/v2\/posts\/13049","targetHints":{"allow":["GET"]}}],"collection":[{"href":"https:\/\/blogdorogeriogomes.com.br\/noticias\/wp-json\/wp\/v2\/posts"}],"about":[{"href":"https:\/\/blogdorogeriogomes.com.br\/noticias\/wp-json\/wp\/v2\/types\/post"}],"author":[{"embeddable":true,"href":"https:\/\/blogdorogeriogomes.com.br\/noticias\/wp-json\/wp\/v2\/users\/1"}],"replies":[{"embeddable":true,"href":"https:\/\/blogdorogeriogomes.com.br\/noticias\/wp-json\/wp\/v2\/comments?post=13049"}],"version-history":[{"count":1,"href":"https:\/\/blogdorogeriogomes.com.br\/noticias\/wp-json\/wp\/v2\/posts\/13049\/revisions"}],"predecessor-version":[{"id":13051,"href":"https:\/\/blogdorogeriogomes.com.br\/noticias\/wp-json\/wp\/v2\/posts\/13049\/revisions\/13051"}],"wp:attachment":[{"href":"https:\/\/blogdorogeriogomes.com.br\/noticias\/wp-json\/wp\/v2\/media?parent=13049"}],"wp:term":[{"taxonomy":"category","embeddable":true,"href":"https:\/\/blogdorogeriogomes.com.br\/noticias\/wp-json\/wp\/v2\/categories?post=13049"},{"taxonomy":"post_tag","embeddable":true,"href":"https:\/\/blogdorogeriogomes.com.br\/noticias\/wp-json\/wp\/v2\/tags?post=13049"}],"curies":[{"name":"wp","href":"https:\/\/api.w.org\/{rel}","templated":true}]}}