{"id":13052,"date":"2019-06-14T20:28:13","date_gmt":"2019-06-14T20:28:13","guid":{"rendered":"http:\/\/blogdorogeriogomes.com.br\/?p=13052"},"modified":"2019-06-14T20:28:13","modified_gmt":"2019-06-14T20:28:13","slug":"trecho-da-transposicao-do-sao-francisco-no-ceara-so-ficara-pronto-em-dezembro-diz-governo-federal","status":"publish","type":"post","link":"https:\/\/blogdorogeriogomes.com.br\/noticias\/2019\/06\/trecho-da-transposicao-do-sao-francisco-no-ceara-so-ficara-pronto-em-dezembro-diz-governo-federal\/","title":{"rendered":"Trecho da transposi\u00e7\u00e3o do S\u00e3o Francisco no Cear\u00e1 s\u00f3 ficar\u00e1 pronto em dezembro, diz Governo Federal"},"content":{"rendered":"<p><img loading=\"lazy\" decoding=\"async\" class=\"alignnone size-medium wp-image-13053\" src=\"http:\/\/blogdorogeriogomes.com.br\/wp-content\/uploads\/2019\/06\/IMG_20190614_171607_600-300x237.jpg\" alt=\"IMG_20190614_171607_600\" width=\"300\" height=\"237\" srcset=\"https:\/\/blogdorogeriogomes.com.br\/noticias\/wp-content\/uploads\/2019\/06\/IMG_20190614_171607_600-300x237.jpg 300w, https:\/\/blogdorogeriogomes.com.br\/noticias\/wp-content\/uploads\/2019\/06\/IMG_20190614_171607_600-768x606.jpg 768w, https:\/\/blogdorogeriogomes.com.br\/noticias\/wp-content\/uploads\/2019\/06\/IMG_20190614_171607_600.jpg 865w\" sizes=\"auto, (max-width: 300px) 100vw, 300px\" \/><\/p>\n<p>Para conclus\u00e3o do Eixo Norte da transposi\u00e7\u00e3o do Rio S\u00e3o Francisco entre Pernambuco e Cear\u00e1, est\u00e1 prevista a libera\u00e7\u00e3o de R$ 150 milh\u00f5es do Governo Federal. Esse recurso est\u00e1 garantido, segundo representantes do Minist\u00e9rio, ap\u00f3s a aprova\u00e7\u00e3o do cr\u00e9dito suplementar, nesta semana, em Bras\u00edlia, de R$ 248,9 bilh\u00f5es, ao Or\u00e7amento. Os servi\u00e7os no canteiro est\u00e3o paralisados h\u00e1 mais de tr\u00eas meses por causa de contingenciamento nos recursos da Uni\u00e3o.<br \/>\nNesta sexta-feira, dia 14 de junho, uma comiss\u00e3o de deputados da Assembleia Legislativa do Cear\u00e1, esteve em Penaforte, na Regi\u00e3o do Cariri, visitando o canteiro de obras. Se reuniram com representantes do Minist\u00e9rio do Minist\u00e9rio do Desenvolvimento Regional. E a\u00ed surgiu uma nova previs\u00e3o de t\u00e9rmino da obra, que j\u00e1 est\u00e1 com 97% de servi\u00e7os conclu\u00eddos. A entrega agora passou para dezembro deste ano.<br \/>\nO detalhe \u00e9 que a interliga\u00e7\u00e3o da \u00e1gua do S\u00e3o Francisco, de Penaforte at\u00e9 o a\u00e7ude Castanh\u00e3o, em Alto Santo, s\u00f3 deve acontecer em mar\u00e7o de 2020. Uma situa\u00e7\u00e3o preocupante, j\u00e1 que o reservat\u00f3rio pegou pouca \u00e1gua com as chuvas de 2019. O assessor especial para Assuntos Institucionais do Governo do Estado, Nelson Martins, alerta que \u00e9 preciso cobrar o cumprimento do prazo por parte do cons\u00f3rcio construtor, porque \u201cestamos no limite do limite\u201d, disse Nelson.<\/p>\n","protected":false},"excerpt":{"rendered":"<p>Para conclus\u00e3o do Eixo Norte da transposi\u00e7\u00e3o do Rio S\u00e3o Francisco entre Pernambuco e Cear\u00e1, est\u00e1 prevista a libera\u00e7\u00e3o de R$ 150 milh\u00f5es do Governo Federal. Esse recurso est\u00e1 garantido, segundo representantes do Minist\u00e9rio, ap\u00f3s a aprova\u00e7\u00e3o do cr\u00e9dito suplementar, nesta semana, em Bras\u00edlia, de R$ 248,9 bilh\u00f5es, ao Or\u00e7amento. Os servi\u00e7os no canteiro est\u00e3o paralisados h\u00e1 mais de tr\u00eas meses por causa de contingenciamento nos recursos da Uni\u00e3o. Nesta sexta-feira, dia 14 de junho, uma comiss\u00e3o de deputados&hellip;<\/p>\n","protected":false},"author":1,"featured_media":0,"comment_status":"open","ping_status":"open","sticky":false,"template":"","format":"standard","meta":{"footnotes":""},"categories":[1],"tags":[],"class_list":["post-13052","post","type-post","status-publish","format-standard","hentry","category-noticias"],"_links":{"self":[{"href":"https:\/\/blogdorogeriogomes.com.br\/noticias\/wp-json\/wp\/v2\/posts\/13052","targetHints":{"allow":["GET"]}}],"collection":[{"href":"https:\/\/blogdorogeriogomes.com.br\/noticias\/wp-json\/wp\/v2\/posts"}],"about":[{"href":"https:\/\/blogdorogeriogomes.com.br\/noticias\/wp-json\/wp\/v2\/types\/post"}],"author":[{"embeddable":true,"href":"https:\/\/blogdorogeriogomes.com.br\/noticias\/wp-json\/wp\/v2\/users\/1"}],"replies":[{"embeddable":true,"href":"https:\/\/blogdorogeriogomes.com.br\/noticias\/wp-json\/wp\/v2\/comments?post=13052"}],"version-history":[{"count":1,"href":"https:\/\/blogdorogeriogomes.com.br\/noticias\/wp-json\/wp\/v2\/posts\/13052\/revisions"}],"predecessor-version":[{"id":13054,"href":"https:\/\/blogdorogeriogomes.com.br\/noticias\/wp-json\/wp\/v2\/posts\/13052\/revisions\/13054"}],"wp:attachment":[{"href":"https:\/\/blogdorogeriogomes.com.br\/noticias\/wp-json\/wp\/v2\/media?parent=13052"}],"wp:term":[{"taxonomy":"category","embeddable":true,"href":"https:\/\/blogdorogeriogomes.com.br\/noticias\/wp-json\/wp\/v2\/categories?post=13052"},{"taxonomy":"post_tag","embeddable":true,"href":"https:\/\/blogdorogeriogomes.com.br\/noticias\/wp-json\/wp\/v2\/tags?post=13052"}],"curies":[{"name":"wp","href":"https:\/\/api.w.org\/{rel}","templated":true}]}}