{"id":13063,"date":"2019-06-17T10:24:59","date_gmt":"2019-06-17T10:24:59","guid":{"rendered":"http:\/\/blogdorogeriogomes.com.br\/?p=13063"},"modified":"2019-06-17T10:24:59","modified_gmt":"2019-06-17T10:24:59","slug":"governo-do-ceara-e-municipios-assinam-adesao-ao-programa-garantia-safra","status":"publish","type":"post","link":"https:\/\/blogdorogeriogomes.com.br\/noticias\/2019\/06\/governo-do-ceara-e-municipios-assinam-adesao-ao-programa-garantia-safra\/","title":{"rendered":"Governo do Cear\u00e1 e munic\u00edpios assinam ades\u00e3o ao Programa Garantia-Safra"},"content":{"rendered":"<p><img loading=\"lazy\" decoding=\"async\" class=\"alignnone size-medium wp-image-13064\" src=\"http:\/\/blogdorogeriogomes.com.br\/wp-content\/uploads\/2019\/06\/IMG_20190617_072113_826-300x199.jpg\" alt=\"IMG_20190617_072113_826\" width=\"300\" height=\"199\" srcset=\"https:\/\/blogdorogeriogomes.com.br\/noticias\/wp-content\/uploads\/2019\/06\/IMG_20190617_072113_826-300x199.jpg 300w, https:\/\/blogdorogeriogomes.com.br\/noticias\/wp-content\/uploads\/2019\/06\/IMG_20190617_072113_826.jpg 600w\" sizes=\"auto, (max-width: 300px) 100vw, 300px\" \/><\/p>\n<p>O Governo do Cear\u00e1 assina com 174 prefeitos do interior do Estado, nesta segunda-feira, dia 17 de junho, o termo de ades\u00e3o ao Garantia Safra 2018\/2019. O evento ser\u00e1 no audit\u00f3rio da Secretaria do Desenvolvimento Agr\u00e1rio (SDA).<br \/>\nEst\u00e3o garantidos aproximadamente R$ 83 milh\u00f5es e 790 mil reais para execu\u00e7\u00e3o do programa, sendo R$ 16 milh\u00f5es e 760 mil assegurados pelo Governo do Cear\u00e1. 164 mil e 305 agricultores realizaram o pagamento da contrapartida, no valor de R$ 17 reais at\u00e9 fevereiro deste ano.<br \/>\nO Garantia Safra \u00e9 uma a\u00e7\u00e3o para agricultores familiares que se encontram em munic\u00edpios na \u00e1rea de atua\u00e7\u00e3o da Sudene sujeitos a perdas de safra devido \u00e0 seca ou ao excesso de chuvas.<br \/>\nO benef\u00edcio, no valor de R$ 850, pago em cinco parcelas iguais e consecutivas, \u00e9 concedido aos agricultores que sofreram perda de safra acima de 50% e pode ser sacado numa das ag\u00eancias da Caixa Econ\u00f4mica Federal ou em casas lot\u00e9ricas.<\/p>\n","protected":false},"excerpt":{"rendered":"<p>O Governo do Cear\u00e1 assina com 174 prefeitos do interior do Estado, nesta segunda-feira, dia 17 de junho, o termo de ades\u00e3o ao Garantia Safra 2018\/2019. O evento ser\u00e1 no audit\u00f3rio da Secretaria do Desenvolvimento Agr\u00e1rio (SDA). Est\u00e3o garantidos aproximadamente R$ 83 milh\u00f5es e 790 mil reais para execu\u00e7\u00e3o do programa, sendo R$ 16 milh\u00f5es e 760 mil assegurados pelo Governo do Cear\u00e1. 164 mil e 305 agricultores realizaram o pagamento da contrapartida, no valor de R$ 17 reais&hellip;<\/p>\n","protected":false},"author":1,"featured_media":0,"comment_status":"open","ping_status":"open","sticky":false,"template":"","format":"standard","meta":{"footnotes":""},"categories":[1],"tags":[],"class_list":["post-13063","post","type-post","status-publish","format-standard","hentry","category-noticias"],"_links":{"self":[{"href":"https:\/\/blogdorogeriogomes.com.br\/noticias\/wp-json\/wp\/v2\/posts\/13063","targetHints":{"allow":["GET"]}}],"collection":[{"href":"https:\/\/blogdorogeriogomes.com.br\/noticias\/wp-json\/wp\/v2\/posts"}],"about":[{"href":"https:\/\/blogdorogeriogomes.com.br\/noticias\/wp-json\/wp\/v2\/types\/post"}],"author":[{"embeddable":true,"href":"https:\/\/blogdorogeriogomes.com.br\/noticias\/wp-json\/wp\/v2\/users\/1"}],"replies":[{"embeddable":true,"href":"https:\/\/blogdorogeriogomes.com.br\/noticias\/wp-json\/wp\/v2\/comments?post=13063"}],"version-history":[{"count":1,"href":"https:\/\/blogdorogeriogomes.com.br\/noticias\/wp-json\/wp\/v2\/posts\/13063\/revisions"}],"predecessor-version":[{"id":13065,"href":"https:\/\/blogdorogeriogomes.com.br\/noticias\/wp-json\/wp\/v2\/posts\/13063\/revisions\/13065"}],"wp:attachment":[{"href":"https:\/\/blogdorogeriogomes.com.br\/noticias\/wp-json\/wp\/v2\/media?parent=13063"}],"wp:term":[{"taxonomy":"category","embeddable":true,"href":"https:\/\/blogdorogeriogomes.com.br\/noticias\/wp-json\/wp\/v2\/categories?post=13063"},{"taxonomy":"post_tag","embeddable":true,"href":"https:\/\/blogdorogeriogomes.com.br\/noticias\/wp-json\/wp\/v2\/tags?post=13063"}],"curies":[{"name":"wp","href":"https:\/\/api.w.org\/{rel}","templated":true}]}}