{"id":13066,"date":"2019-06-17T10:30:26","date_gmt":"2019-06-17T10:30:26","guid":{"rendered":"http:\/\/blogdorogeriogomes.com.br\/?p=13066"},"modified":"2019-06-17T10:30:26","modified_gmt":"2019-06-17T10:30:26","slug":"em-meio-a-demissoes-no-governo-sergio-moro-vai-prestar-explicacoes-no-senado-nesta-quarta-feira","status":"publish","type":"post","link":"https:\/\/blogdorogeriogomes.com.br\/noticias\/2019\/06\/em-meio-a-demissoes-no-governo-sergio-moro-vai-prestar-explicacoes-no-senado-nesta-quarta-feira\/","title":{"rendered":"Em meio a demiss\u00f5es no Governo, S\u00e9rgio Moro vai prestar explica\u00e7\u00f5es no Senado nesta quarta-feira"},"content":{"rendered":"<p><img loading=\"lazy\" decoding=\"async\" class=\"alignnone size-medium wp-image-13067\" src=\"http:\/\/blogdorogeriogomes.com.br\/wp-content\/uploads\/2019\/06\/IMG_20190617_072653_225-300x241.jpg\" alt=\"IMG_20190617_072653_225\" width=\"300\" height=\"241\" srcset=\"https:\/\/blogdorogeriogomes.com.br\/noticias\/wp-content\/uploads\/2019\/06\/IMG_20190617_072653_225-300x241.jpg 300w, https:\/\/blogdorogeriogomes.com.br\/noticias\/wp-content\/uploads\/2019\/06\/IMG_20190617_072653_225-768x616.jpg 768w, https:\/\/blogdorogeriogomes.com.br\/noticias\/wp-content\/uploads\/2019\/06\/IMG_20190617_072653_225.jpg 851w\" sizes=\"auto, (max-width: 300px) 100vw, 300px\" \/><\/p>\n<p>No clima das \u00faltimas demiss\u00f5es no alto escal\u00e3o do governo, o ministro da Justi\u00e7a, S\u00e9rgio Moro, vai ao Congresso Nacional na pr\u00f3xima quarta-feira, dia 19 de junho, para dar explica\u00e7\u00f5es sobre o vazamento de \u00e1udios de conversas com o procurador da Lava Jato, Deltan Dallagnol.<br \/>\nMoro vai a Comiss\u00e3o de Constitui\u00e7\u00e3o e Justi\u00e7a do Senado para responder a questionamentos sobre as mensagens reveladas pelo site The Intercept Brasil.<br \/>\nA audi\u00eancia ocorre no momento em que h\u00e1 um clima de \u201cfritura\u201d de membros da gest\u00e3o por Bolsonaro, iniciado com a demiss\u00e3o do ministro da Secretaria de Governo, general Santos Cruz, na semana passada.<br \/>\nDepois do militar, foi a vez do presidente do BNDES, Joaquim Levy. O ex-ministro de Dilma Rousseff (PT) foi publicamente criticado pelo presidente no s\u00e1bado, dia 15 de junho. No domingo, dia 16, pediu demiss\u00e3o.<br \/>\nOs epis\u00f3dios, somados \u00e0 declara\u00e7\u00e3o de sexta-feira, dia 14 de junho, do ministro Paulo Guedes (Economia) de que o relat\u00f3rio da reforma da Previd\u00eancia na comiss\u00e3o especial poderia abort\u00e1-la, criaram um clima de instabilidade no governo e na rela\u00e7\u00e3o com o Legislativo.<\/p>\n","protected":false},"excerpt":{"rendered":"<p>No clima das \u00faltimas demiss\u00f5es no alto escal\u00e3o do governo, o ministro da Justi\u00e7a, S\u00e9rgio Moro, vai ao Congresso Nacional na pr\u00f3xima quarta-feira, dia 19 de junho, para dar explica\u00e7\u00f5es sobre o vazamento de \u00e1udios de conversas com o procurador da Lava Jato, Deltan Dallagnol. Moro vai a Comiss\u00e3o de Constitui\u00e7\u00e3o e Justi\u00e7a do Senado para responder a questionamentos sobre as mensagens reveladas pelo site The Intercept Brasil. A audi\u00eancia ocorre no momento em que h\u00e1 um clima de&hellip;<\/p>\n","protected":false},"author":1,"featured_media":0,"comment_status":"open","ping_status":"open","sticky":false,"template":"","format":"standard","meta":{"footnotes":""},"categories":[1],"tags":[],"class_list":["post-13066","post","type-post","status-publish","format-standard","hentry","category-noticias"],"_links":{"self":[{"href":"https:\/\/blogdorogeriogomes.com.br\/noticias\/wp-json\/wp\/v2\/posts\/13066","targetHints":{"allow":["GET"]}}],"collection":[{"href":"https:\/\/blogdorogeriogomes.com.br\/noticias\/wp-json\/wp\/v2\/posts"}],"about":[{"href":"https:\/\/blogdorogeriogomes.com.br\/noticias\/wp-json\/wp\/v2\/types\/post"}],"author":[{"embeddable":true,"href":"https:\/\/blogdorogeriogomes.com.br\/noticias\/wp-json\/wp\/v2\/users\/1"}],"replies":[{"embeddable":true,"href":"https:\/\/blogdorogeriogomes.com.br\/noticias\/wp-json\/wp\/v2\/comments?post=13066"}],"version-history":[{"count":1,"href":"https:\/\/blogdorogeriogomes.com.br\/noticias\/wp-json\/wp\/v2\/posts\/13066\/revisions"}],"predecessor-version":[{"id":13068,"href":"https:\/\/blogdorogeriogomes.com.br\/noticias\/wp-json\/wp\/v2\/posts\/13066\/revisions\/13068"}],"wp:attachment":[{"href":"https:\/\/blogdorogeriogomes.com.br\/noticias\/wp-json\/wp\/v2\/media?parent=13066"}],"wp:term":[{"taxonomy":"category","embeddable":true,"href":"https:\/\/blogdorogeriogomes.com.br\/noticias\/wp-json\/wp\/v2\/categories?post=13066"},{"taxonomy":"post_tag","embeddable":true,"href":"https:\/\/blogdorogeriogomes.com.br\/noticias\/wp-json\/wp\/v2\/tags?post=13066"}],"curies":[{"name":"wp","href":"https:\/\/api.w.org\/{rel}","templated":true}]}}