{"id":13072,"date":"2019-06-17T21:33:58","date_gmt":"2019-06-17T21:33:58","guid":{"rendered":"http:\/\/blogdorogeriogomes.com.br\/?p=13072"},"modified":"2019-06-17T21:33:58","modified_gmt":"2019-06-17T21:33:58","slug":"servidores-municipais-de-fortaleza-recebem-primeira-parcela-do-13-salario-na-sexta-feira","status":"publish","type":"post","link":"https:\/\/blogdorogeriogomes.com.br\/noticias\/2019\/06\/servidores-municipais-de-fortaleza-recebem-primeira-parcela-do-13-salario-na-sexta-feira\/","title":{"rendered":"Servidores municipais de Fortaleza recebem primeira parcela do 13\u00b0 sal\u00e1rio na sexta-feira"},"content":{"rendered":"<p><img loading=\"lazy\" decoding=\"async\" class=\"alignnone size-medium wp-image-13073\" src=\"http:\/\/blogdorogeriogomes.com.br\/wp-content\/uploads\/2019\/06\/IMG_20190617_182943_111-300x199.jpg\" alt=\"IMG_20190617_182943_111\" width=\"300\" height=\"199\" srcset=\"https:\/\/blogdorogeriogomes.com.br\/noticias\/wp-content\/uploads\/2019\/06\/IMG_20190617_182943_111-300x199.jpg 300w, https:\/\/blogdorogeriogomes.com.br\/noticias\/wp-content\/uploads\/2019\/06\/IMG_20190617_182943_111.jpg 680w\" sizes=\"auto, (max-width: 300px) 100vw, 300px\" \/><\/p>\n<p>A Prefeitura de Fortaleza antecipa o pagamento da primeira parcela do 13\u00ba sal\u00e1rio dos servidores municipais, nesta sexta-feira, dia 21 de junho. A parcela equivale a 40% do 13\u00ba sal\u00e1rio, ainda sem os descontos de impostos, um total de cerca de R$ 91,6 milh\u00f5es, calculado com base na folha de pagamento do m\u00eas de abril. O valor ser\u00e1 pago a 52.339 servidores ativos, aposentados e pensionistas.<br \/>\nSomando a folha de pagamento do m\u00eas de maio, que ser\u00e1 paga no dia 1\u00ba de junho, com a primeira parcela do 13\u00ba e a folha do m\u00eas de junho, que ser\u00e1 paga no dia 1\u00ba de julho, a Prefeitura de Fortaleza estar\u00e1 injetando na economia local mais de R$ 663 milh\u00f5es, no per\u00edodo de 31 dias.<\/p>\n","protected":false},"excerpt":{"rendered":"<p>A Prefeitura de Fortaleza antecipa o pagamento da primeira parcela do 13\u00ba sal\u00e1rio dos servidores municipais, nesta sexta-feira, dia 21 de junho. A parcela equivale a 40% do 13\u00ba sal\u00e1rio, ainda sem os descontos de impostos, um total de cerca de R$ 91,6 milh\u00f5es, calculado com base na folha de pagamento do m\u00eas de abril. O valor ser\u00e1 pago a 52.339 servidores ativos, aposentados e pensionistas. Somando a folha de pagamento do m\u00eas de maio, que ser\u00e1 paga no&hellip;<\/p>\n","protected":false},"author":1,"featured_media":0,"comment_status":"open","ping_status":"open","sticky":false,"template":"","format":"standard","meta":{"footnotes":""},"categories":[1],"tags":[],"class_list":["post-13072","post","type-post","status-publish","format-standard","hentry","category-noticias"],"_links":{"self":[{"href":"https:\/\/blogdorogeriogomes.com.br\/noticias\/wp-json\/wp\/v2\/posts\/13072","targetHints":{"allow":["GET"]}}],"collection":[{"href":"https:\/\/blogdorogeriogomes.com.br\/noticias\/wp-json\/wp\/v2\/posts"}],"about":[{"href":"https:\/\/blogdorogeriogomes.com.br\/noticias\/wp-json\/wp\/v2\/types\/post"}],"author":[{"embeddable":true,"href":"https:\/\/blogdorogeriogomes.com.br\/noticias\/wp-json\/wp\/v2\/users\/1"}],"replies":[{"embeddable":true,"href":"https:\/\/blogdorogeriogomes.com.br\/noticias\/wp-json\/wp\/v2\/comments?post=13072"}],"version-history":[{"count":1,"href":"https:\/\/blogdorogeriogomes.com.br\/noticias\/wp-json\/wp\/v2\/posts\/13072\/revisions"}],"predecessor-version":[{"id":13074,"href":"https:\/\/blogdorogeriogomes.com.br\/noticias\/wp-json\/wp\/v2\/posts\/13072\/revisions\/13074"}],"wp:attachment":[{"href":"https:\/\/blogdorogeriogomes.com.br\/noticias\/wp-json\/wp\/v2\/media?parent=13072"}],"wp:term":[{"taxonomy":"category","embeddable":true,"href":"https:\/\/blogdorogeriogomes.com.br\/noticias\/wp-json\/wp\/v2\/categories?post=13072"},{"taxonomy":"post_tag","embeddable":true,"href":"https:\/\/blogdorogeriogomes.com.br\/noticias\/wp-json\/wp\/v2\/tags?post=13072"}],"curies":[{"name":"wp","href":"https:\/\/api.w.org\/{rel}","templated":true}]}}