{"id":13075,"date":"2019-06-18T09:07:16","date_gmt":"2019-06-18T09:07:16","guid":{"rendered":"http:\/\/blogdorogeriogomes.com.br\/?p=13075"},"modified":"2019-06-18T09:07:16","modified_gmt":"2019-06-18T09:07:16","slug":"odebrecht-protocola-maior-pedido-de-recuperacao-judicial-da-historia-brasileira","status":"publish","type":"post","link":"https:\/\/blogdorogeriogomes.com.br\/noticias\/2019\/06\/odebrecht-protocola-maior-pedido-de-recuperacao-judicial-da-historia-brasileira\/","title":{"rendered":"Odebrecht protocola maior pedido de recupera\u00e7\u00e3o judicial da hist\u00f3ria brasileira"},"content":{"rendered":"<p><img loading=\"lazy\" decoding=\"async\" class=\"alignnone size-medium wp-image-13076\" src=\"http:\/\/blogdorogeriogomes.com.br\/wp-content\/uploads\/2019\/06\/IMG_20190618_060112_988-300x194.jpg\" alt=\"IMG_20190618_060112_988\" width=\"300\" height=\"194\" srcset=\"https:\/\/blogdorogeriogomes.com.br\/noticias\/wp-content\/uploads\/2019\/06\/IMG_20190618_060112_988-300x194.jpg 300w, https:\/\/blogdorogeriogomes.com.br\/noticias\/wp-content\/uploads\/2019\/06\/IMG_20190618_060112_988.jpg 641w\" sizes=\"auto, (max-width: 300px) 100vw, 300px\" \/><\/p>\n<p>Atingida diretamente pelos efeitos da Opera\u00e7\u00e3o Lava Jato nos \u00faltimos anos, a Odebrecht S.A. protocolou nesta segunda-feira, dia 17 de junho, na Justi\u00e7a de S\u00e3o Paulo, o maior pedido de recupera\u00e7\u00e3o judicial da hist\u00f3ria brasileira. Com d\u00edvidas que chegam a R$ 98,5 bilh\u00f5es, a solicita\u00e7\u00e3o supera a da Oi, que chegou a R$ 65 bilh\u00f5es \u2014valores da \u00e9poca.<br \/>\nComp\u00f5em o pacote R$ 51 bilh\u00f5es em d\u00e9bitos diretamente sujeitos \u00e0 recupera\u00e7\u00e3o judicial e R$ 14,5 bilh\u00f5es extraconcursais \u2014que possuem garantias extras, como as a\u00e7\u00f5es da Braskem\u2014, al\u00e9m de R$ 33 bilh\u00f5es em d\u00edvidas com empresas dentro do grupo.<br \/>\nA recupera\u00e7\u00e3o envolve 21 empresas do grupo, incluindo a holding ODB e a Kieppe, que congrega a participa\u00e7\u00e3o da fam\u00edlia Odebrecht.<\/p>\n","protected":false},"excerpt":{"rendered":"<p>Atingida diretamente pelos efeitos da Opera\u00e7\u00e3o Lava Jato nos \u00faltimos anos, a Odebrecht S.A. protocolou nesta segunda-feira, dia 17 de junho, na Justi\u00e7a de S\u00e3o Paulo, o maior pedido de recupera\u00e7\u00e3o judicial da hist\u00f3ria brasileira. Com d\u00edvidas que chegam a R$ 98,5 bilh\u00f5es, a solicita\u00e7\u00e3o supera a da Oi, que chegou a R$ 65 bilh\u00f5es \u2014valores da \u00e9poca. Comp\u00f5em o pacote R$ 51 bilh\u00f5es em d\u00e9bitos diretamente sujeitos \u00e0 recupera\u00e7\u00e3o judicial e R$ 14,5 bilh\u00f5es extraconcursais \u2014que possuem garantias&hellip;<\/p>\n","protected":false},"author":1,"featured_media":0,"comment_status":"open","ping_status":"open","sticky":false,"template":"","format":"standard","meta":{"footnotes":""},"categories":[1],"tags":[],"class_list":["post-13075","post","type-post","status-publish","format-standard","hentry","category-noticias"],"_links":{"self":[{"href":"https:\/\/blogdorogeriogomes.com.br\/noticias\/wp-json\/wp\/v2\/posts\/13075","targetHints":{"allow":["GET"]}}],"collection":[{"href":"https:\/\/blogdorogeriogomes.com.br\/noticias\/wp-json\/wp\/v2\/posts"}],"about":[{"href":"https:\/\/blogdorogeriogomes.com.br\/noticias\/wp-json\/wp\/v2\/types\/post"}],"author":[{"embeddable":true,"href":"https:\/\/blogdorogeriogomes.com.br\/noticias\/wp-json\/wp\/v2\/users\/1"}],"replies":[{"embeddable":true,"href":"https:\/\/blogdorogeriogomes.com.br\/noticias\/wp-json\/wp\/v2\/comments?post=13075"}],"version-history":[{"count":1,"href":"https:\/\/blogdorogeriogomes.com.br\/noticias\/wp-json\/wp\/v2\/posts\/13075\/revisions"}],"predecessor-version":[{"id":13077,"href":"https:\/\/blogdorogeriogomes.com.br\/noticias\/wp-json\/wp\/v2\/posts\/13075\/revisions\/13077"}],"wp:attachment":[{"href":"https:\/\/blogdorogeriogomes.com.br\/noticias\/wp-json\/wp\/v2\/media?parent=13075"}],"wp:term":[{"taxonomy":"category","embeddable":true,"href":"https:\/\/blogdorogeriogomes.com.br\/noticias\/wp-json\/wp\/v2\/categories?post=13075"},{"taxonomy":"post_tag","embeddable":true,"href":"https:\/\/blogdorogeriogomes.com.br\/noticias\/wp-json\/wp\/v2\/tags?post=13075"}],"curies":[{"name":"wp","href":"https:\/\/api.w.org\/{rel}","templated":true}]}}