{"id":13078,"date":"2019-06-18T09:17:44","date_gmt":"2019-06-18T09:17:44","guid":{"rendered":"http:\/\/blogdorogeriogomes.com.br\/?p=13078"},"modified":"2019-06-18T09:17:44","modified_gmt":"2019-06-18T09:17:44","slug":"bolsonaro-veta-gratuidade-das-bagagens-em-voos-domesticos-e-abre-100-do-capital-para-estrangeiras","status":"publish","type":"post","link":"https:\/\/blogdorogeriogomes.com.br\/noticias\/2019\/06\/bolsonaro-veta-gratuidade-das-bagagens-em-voos-domesticos-e-abre-100-do-capital-para-estrangeiras\/","title":{"rendered":"Bolsonaro veta gratuidade das bagagens em v\u00f4os dom\u00e9sticos e abre 100% do capital para estrangeiras"},"content":{"rendered":"<p><img loading=\"lazy\" decoding=\"async\" class=\"alignnone size-medium wp-image-13079\" src=\"http:\/\/blogdorogeriogomes.com.br\/wp-content\/uploads\/2019\/06\/IMG_20190618_061310_401-300x197.jpg\" alt=\"IMG_20190618_061310_401\" width=\"300\" height=\"197\" srcset=\"https:\/\/blogdorogeriogomes.com.br\/noticias\/wp-content\/uploads\/2019\/06\/IMG_20190618_061310_401-300x197.jpg 300w, https:\/\/blogdorogeriogomes.com.br\/noticias\/wp-content\/uploads\/2019\/06\/IMG_20190618_061310_401.jpg 766w\" sizes=\"auto, (max-width: 300px) 100vw, 300px\" \/><\/p>\n<p>O presidente Jair Bolsonaro vetou a gratuidade das bagagens em voos dom\u00e9sticos ao sancionar a medida provis\u00f3ria que abre 100% do capital para as a\u00e9reas estrangeiras. A medida provis\u00f3ria que abre 100% do setor a\u00e9reo ao capital estrangeiro foi apresentada pelo governo de Michel Temer e aprovada pelo Congresso em maio.<br \/>\nAs empresas a\u00e9reas no Brasil permanecem autorizadas a cobrar pela bagagem despachada desde dezembro de 2016, quando a Anac (Ag\u00eancia Nacional de Avia\u00e7\u00e3o Civil) editou uma resolu\u00e7\u00e3o sobre o tema. Os passageiros podem levar sem pagar apenas 10kg em bagagem de m\u00e3o nas rotas nacionais.<\/p>\n","protected":false},"excerpt":{"rendered":"<p>O presidente Jair Bolsonaro vetou a gratuidade das bagagens em voos dom\u00e9sticos ao sancionar a medida provis\u00f3ria que abre 100% do capital para as a\u00e9reas estrangeiras. A medida provis\u00f3ria que abre 100% do setor a\u00e9reo ao capital estrangeiro foi apresentada pelo governo de Michel Temer e aprovada pelo Congresso em maio. As empresas a\u00e9reas no Brasil permanecem autorizadas a cobrar pela bagagem despachada desde dezembro de 2016, quando a Anac (Ag\u00eancia Nacional de Avia\u00e7\u00e3o Civil) editou uma resolu\u00e7\u00e3o sobre&hellip;<\/p>\n","protected":false},"author":1,"featured_media":0,"comment_status":"open","ping_status":"open","sticky":false,"template":"","format":"standard","meta":{"footnotes":""},"categories":[1],"tags":[],"class_list":["post-13078","post","type-post","status-publish","format-standard","hentry","category-noticias"],"_links":{"self":[{"href":"https:\/\/blogdorogeriogomes.com.br\/noticias\/wp-json\/wp\/v2\/posts\/13078","targetHints":{"allow":["GET"]}}],"collection":[{"href":"https:\/\/blogdorogeriogomes.com.br\/noticias\/wp-json\/wp\/v2\/posts"}],"about":[{"href":"https:\/\/blogdorogeriogomes.com.br\/noticias\/wp-json\/wp\/v2\/types\/post"}],"author":[{"embeddable":true,"href":"https:\/\/blogdorogeriogomes.com.br\/noticias\/wp-json\/wp\/v2\/users\/1"}],"replies":[{"embeddable":true,"href":"https:\/\/blogdorogeriogomes.com.br\/noticias\/wp-json\/wp\/v2\/comments?post=13078"}],"version-history":[{"count":1,"href":"https:\/\/blogdorogeriogomes.com.br\/noticias\/wp-json\/wp\/v2\/posts\/13078\/revisions"}],"predecessor-version":[{"id":13080,"href":"https:\/\/blogdorogeriogomes.com.br\/noticias\/wp-json\/wp\/v2\/posts\/13078\/revisions\/13080"}],"wp:attachment":[{"href":"https:\/\/blogdorogeriogomes.com.br\/noticias\/wp-json\/wp\/v2\/media?parent=13078"}],"wp:term":[{"taxonomy":"category","embeddable":true,"href":"https:\/\/blogdorogeriogomes.com.br\/noticias\/wp-json\/wp\/v2\/categories?post=13078"},{"taxonomy":"post_tag","embeddable":true,"href":"https:\/\/blogdorogeriogomes.com.br\/noticias\/wp-json\/wp\/v2\/tags?post=13078"}],"curies":[{"name":"wp","href":"https:\/\/api.w.org\/{rel}","templated":true}]}}