{"id":13081,"date":"2019-06-18T21:34:00","date_gmt":"2019-06-18T21:34:00","guid":{"rendered":"http:\/\/blogdorogeriogomes.com.br\/?p=13081"},"modified":"2019-06-18T21:34:00","modified_gmt":"2019-06-18T21:34:00","slug":"nezinho-farias-autoriza-mp-a-quebrar-seus-sigilos-bancario-e-telefonico-e-desafia-andre-fernandes","status":"publish","type":"post","link":"https:\/\/blogdorogeriogomes.com.br\/noticias\/2019\/06\/nezinho-farias-autoriza-mp-a-quebrar-seus-sigilos-bancario-e-telefonico-e-desafia-andre-fernandes\/","title":{"rendered":"Nezinho Farias autoriza MP a quebrar seus sigilos banc\u00e1rio e telef\u00f4nico e desafia Andr\u00e9 Fernandes"},"content":{"rendered":"<p><img loading=\"lazy\" decoding=\"async\" class=\"alignnone size-medium wp-image-13082\" src=\"http:\/\/blogdorogeriogomes.com.br\/wp-content\/uploads\/2019\/06\/IMG_20190618_182617_651-300x200.jpg\" alt=\"IMG_20190618_182617_651\" width=\"300\" height=\"200\" srcset=\"https:\/\/blogdorogeriogomes.com.br\/noticias\/wp-content\/uploads\/2019\/06\/IMG_20190618_182617_651-300x200.jpg 300w, https:\/\/blogdorogeriogomes.com.br\/noticias\/wp-content\/uploads\/2019\/06\/IMG_20190618_182617_651.jpg 400w\" sizes=\"auto, (max-width: 300px) 100vw, 300px\" \/><\/p>\n<p>A situa\u00e7\u00e3o do deputado estadual Andr\u00e9 Fernandes (PSL) n\u00e3o \u00e9 das melhores na Assembleia Legislativa do Cear\u00e1. Nesta ter\u00e7a-feira, dia 18 de junho, o deputado estadual Nezinho Farias (PDT) disse ter entregue ao Minist\u00e9rio P\u00fablico Estadual uma autoriza\u00e7\u00e3o de quebra do seu sigilo banc\u00e1rio e telef\u00f4nico. A a\u00e7\u00e3o foi uma resposta \u00e0 den\u00fancia feita pelo parlamentar Andr\u00e9 Fernandes de que Nezinho poderia ser membro de fac\u00e7\u00e3o criminosa. No entanto, Fernandes acusou e n\u00e3o apresentou provas. Nezinho voltou a negar as acusa\u00e7\u00f5es e afirmou que renunciaria ao mandato se algo fosse comprovado contra ele. Sugeriu Andr\u00e9 Fernandes a fazer o mesmo se a sua den\u00fancia fosse falsa.<br \/>\nAo mesmo tempo, o pedetista recebeu solidariedade de 17 deputados presentes no plen\u00e1rio. J\u00e1 h\u00e1 manifesta\u00e7\u00f5es que Andr\u00e9 Fernandes, do PSL, deve ser levado ao Conselho de \u00c9tica da Casa por acusa\u00e7\u00e3o falsa.<br \/>\nAndr\u00e9 Fernandes n\u00e3o apareceu no plen\u00e1rio. Estava em Bras\u00edlia, de onde fez postagens nas redes sociais. Declarou a meios de comunica\u00e7\u00e3o que n\u00e3o est\u00e1 preocupado com a manifesta\u00e7\u00e3o dos deputados cearenses e que n\u00e3o ser\u00e1 cassado. Promete rea\u00e7\u00e3o com novas den\u00fancias.<br \/>\nO presidente da Assembleia Legislativa, Jos\u00e9 Sarto, espera a provoca\u00e7\u00e3o dos partidos para analisar uma convoca\u00e7\u00e3o do Conselho de \u00c9tica. O assunto promete esquentar ainda mais a Casa, quando Andr\u00e9 Fernandes resolver aparecer em plen\u00e1rio.<\/p>\n","protected":false},"excerpt":{"rendered":"<p>A situa\u00e7\u00e3o do deputado estadual Andr\u00e9 Fernandes (PSL) n\u00e3o \u00e9 das melhores na Assembleia Legislativa do Cear\u00e1. Nesta ter\u00e7a-feira, dia 18 de junho, o deputado estadual Nezinho Farias (PDT) disse ter entregue ao Minist\u00e9rio P\u00fablico Estadual uma autoriza\u00e7\u00e3o de quebra do seu sigilo banc\u00e1rio e telef\u00f4nico. A a\u00e7\u00e3o foi uma resposta \u00e0 den\u00fancia feita pelo parlamentar Andr\u00e9 Fernandes de que Nezinho poderia ser membro de fac\u00e7\u00e3o criminosa. No entanto, Fernandes acusou e n\u00e3o apresentou provas. Nezinho voltou a negar&hellip;<\/p>\n","protected":false},"author":1,"featured_media":0,"comment_status":"open","ping_status":"open","sticky":false,"template":"","format":"standard","meta":{"footnotes":""},"categories":[1],"tags":[],"class_list":["post-13081","post","type-post","status-publish","format-standard","hentry","category-noticias"],"_links":{"self":[{"href":"https:\/\/blogdorogeriogomes.com.br\/noticias\/wp-json\/wp\/v2\/posts\/13081","targetHints":{"allow":["GET"]}}],"collection":[{"href":"https:\/\/blogdorogeriogomes.com.br\/noticias\/wp-json\/wp\/v2\/posts"}],"about":[{"href":"https:\/\/blogdorogeriogomes.com.br\/noticias\/wp-json\/wp\/v2\/types\/post"}],"author":[{"embeddable":true,"href":"https:\/\/blogdorogeriogomes.com.br\/noticias\/wp-json\/wp\/v2\/users\/1"}],"replies":[{"embeddable":true,"href":"https:\/\/blogdorogeriogomes.com.br\/noticias\/wp-json\/wp\/v2\/comments?post=13081"}],"version-history":[{"count":1,"href":"https:\/\/blogdorogeriogomes.com.br\/noticias\/wp-json\/wp\/v2\/posts\/13081\/revisions"}],"predecessor-version":[{"id":13083,"href":"https:\/\/blogdorogeriogomes.com.br\/noticias\/wp-json\/wp\/v2\/posts\/13081\/revisions\/13083"}],"wp:attachment":[{"href":"https:\/\/blogdorogeriogomes.com.br\/noticias\/wp-json\/wp\/v2\/media?parent=13081"}],"wp:term":[{"taxonomy":"category","embeddable":true,"href":"https:\/\/blogdorogeriogomes.com.br\/noticias\/wp-json\/wp\/v2\/categories?post=13081"},{"taxonomy":"post_tag","embeddable":true,"href":"https:\/\/blogdorogeriogomes.com.br\/noticias\/wp-json\/wp\/v2\/tags?post=13081"}],"curies":[{"name":"wp","href":"https:\/\/api.w.org\/{rel}","templated":true}]}}