{"id":13087,"date":"2019-06-19T01:01:11","date_gmt":"2019-06-19T01:01:11","guid":{"rendered":"http:\/\/blogdorogeriogomes.com.br\/?p=13087"},"modified":"2019-06-19T01:01:11","modified_gmt":"2019-06-19T01:01:11","slug":"senado-federal-aprova-projeto-que-derruba-decreto-das-armas-de-bolsonaro","status":"publish","type":"post","link":"https:\/\/blogdorogeriogomes.com.br\/noticias\/2019\/06\/senado-federal-aprova-projeto-que-derruba-decreto-das-armas-de-bolsonaro\/","title":{"rendered":"Senado Federal aprova projeto que derruba decreto das armas de Bolsonaro"},"content":{"rendered":"<p><img loading=\"lazy\" decoding=\"async\" class=\"alignnone size-medium wp-image-13088\" src=\"http:\/\/blogdorogeriogomes.com.br\/wp-content\/uploads\/2019\/06\/IMG_20190618_215641_567-300x200.jpg\" alt=\"IMG_20190618_215641_567\" width=\"300\" height=\"200\" srcset=\"https:\/\/blogdorogeriogomes.com.br\/noticias\/wp-content\/uploads\/2019\/06\/IMG_20190618_215641_567-300x200.jpg 300w, https:\/\/blogdorogeriogomes.com.br\/noticias\/wp-content\/uploads\/2019\/06\/IMG_20190618_215641_567.jpg 679w\" sizes=\"auto, (max-width: 300px) 100vw, 300px\" \/><\/p>\n<p>O Senado aprovou um projeto, nesta quarta-feira, dia 18 de junho, que derruba o decreto das armas editado pelo presidente Jair Bolsonaro. O Governo saiu derrotado por 47 votos a 28. O decreto presidencial, editado em janeiro, flexibilizava as normas de posse e porte de armas de fogo. O texto ser\u00e1 remetido \u00e0 C\u00e2mara dos Deputados, onde dever\u00e1 ser distribu\u00eddo \u00e0s comiss\u00f5es e apreciado em plen\u00e1rio.<br \/>\nSe o Congresso aprovar o projeto, o decreto de Bolsonaro ser\u00e1 sustado. Em outras palavras, deixar\u00e3o de valer itens como permiss\u00e3o de uso de arma de fogo por propriet\u00e1rios rurais em seus terrenos e o aumento de 50 para 1.000 no n\u00famero de cartuchos por ano autorizados para compra, por pessoa.<br \/>\nDe acordo como senadores, Bolsonaro desrespeitou uma atribui\u00e7\u00e3o do Congresso ao tentar &#8220;legislar por meio de um decreto presidencial&#8221;.<\/p>\n","protected":false},"excerpt":{"rendered":"<p>O Senado aprovou um projeto, nesta quarta-feira, dia 18 de junho, que derruba o decreto das armas editado pelo presidente Jair Bolsonaro. O Governo saiu derrotado por 47 votos a 28. O decreto presidencial, editado em janeiro, flexibilizava as normas de posse e porte de armas de fogo. O texto ser\u00e1 remetido \u00e0 C\u00e2mara dos Deputados, onde dever\u00e1 ser distribu\u00eddo \u00e0s comiss\u00f5es e apreciado em plen\u00e1rio. Se o Congresso aprovar o projeto, o decreto de Bolsonaro ser\u00e1 sustado. Em&hellip;<\/p>\n","protected":false},"author":1,"featured_media":0,"comment_status":"open","ping_status":"open","sticky":false,"template":"","format":"standard","meta":{"footnotes":""},"categories":[1],"tags":[],"class_list":["post-13087","post","type-post","status-publish","format-standard","hentry","category-noticias"],"_links":{"self":[{"href":"https:\/\/blogdorogeriogomes.com.br\/noticias\/wp-json\/wp\/v2\/posts\/13087","targetHints":{"allow":["GET"]}}],"collection":[{"href":"https:\/\/blogdorogeriogomes.com.br\/noticias\/wp-json\/wp\/v2\/posts"}],"about":[{"href":"https:\/\/blogdorogeriogomes.com.br\/noticias\/wp-json\/wp\/v2\/types\/post"}],"author":[{"embeddable":true,"href":"https:\/\/blogdorogeriogomes.com.br\/noticias\/wp-json\/wp\/v2\/users\/1"}],"replies":[{"embeddable":true,"href":"https:\/\/blogdorogeriogomes.com.br\/noticias\/wp-json\/wp\/v2\/comments?post=13087"}],"version-history":[{"count":1,"href":"https:\/\/blogdorogeriogomes.com.br\/noticias\/wp-json\/wp\/v2\/posts\/13087\/revisions"}],"predecessor-version":[{"id":13089,"href":"https:\/\/blogdorogeriogomes.com.br\/noticias\/wp-json\/wp\/v2\/posts\/13087\/revisions\/13089"}],"wp:attachment":[{"href":"https:\/\/blogdorogeriogomes.com.br\/noticias\/wp-json\/wp\/v2\/media?parent=13087"}],"wp:term":[{"taxonomy":"category","embeddable":true,"href":"https:\/\/blogdorogeriogomes.com.br\/noticias\/wp-json\/wp\/v2\/categories?post=13087"},{"taxonomy":"post_tag","embeddable":true,"href":"https:\/\/blogdorogeriogomes.com.br\/noticias\/wp-json\/wp\/v2\/tags?post=13087"}],"curies":[{"name":"wp","href":"https:\/\/api.w.org\/{rel}","templated":true}]}}