{"id":13090,"date":"2019-06-19T09:02:25","date_gmt":"2019-06-19T09:02:25","guid":{"rendered":"http:\/\/blogdorogeriogomes.com.br\/?p=13090"},"modified":"2019-06-19T09:02:25","modified_gmt":"2019-06-19T09:02:25","slug":"lei-municipal-busca-combater-desperdicio-de-agua-com-lavagem-de-calcadas-e-veiculos","status":"publish","type":"post","link":"https:\/\/blogdorogeriogomes.com.br\/noticias\/2019\/06\/lei-municipal-busca-combater-desperdicio-de-agua-com-lavagem-de-calcadas-e-veiculos\/","title":{"rendered":"Lei Municipal busca combater desperd\u00edcio de \u00e1gua com lavagem de cal\u00e7adas e ve\u00edculos"},"content":{"rendered":"<p><img loading=\"lazy\" decoding=\"async\" class=\"alignnone size-medium wp-image-13091\" src=\"http:\/\/blogdorogeriogomes.com.br\/wp-content\/uploads\/2019\/06\/IMG_20190619_055829_374-300x200.jpg\" alt=\"IMG_20190619_055829_374\" width=\"300\" height=\"200\" srcset=\"https:\/\/blogdorogeriogomes.com.br\/noticias\/wp-content\/uploads\/2019\/06\/IMG_20190619_055829_374-300x200.jpg 300w, https:\/\/blogdorogeriogomes.com.br\/noticias\/wp-content\/uploads\/2019\/06\/IMG_20190619_055829_374.jpg 678w\" sizes=\"auto, (max-width: 300px) 100vw, 300px\" \/><\/p>\n<p>Passou a vigorar a Lei Municipal que pro\u00edbe o consumo exagerado de \u00e1gua em lavagens de carros e cal\u00e7adas em Fortaleza. O objetivo \u00e9 evitar o desperd\u00edcio. Os infratores que forem flagrados pela fiscaliza\u00e7\u00e3o estar\u00e3o sujeitos a cobran\u00e7a de multas.<br \/>\nA nova lei foi publicada no Di\u00e1rio Oficial do Munic\u00edpio ap\u00f3s ser sancionada pelo prefeito Roberto Cl\u00e1udio. No caso dos lava-jatos, a lei prev\u00ea que os estabelecimentos tomem medidas para evitar o desperd\u00edcio ou promovam o reuso de \u00e1gua.<br \/>\nAs den\u00fancias do desperd\u00edcio de \u00e1gua ser\u00e3o realizadas por meio do Servi\u00e7o 156, visando \u00e0 apura\u00e7\u00e3o dos fatos denunciados. A medida sancionada pelo Executivo tem base em lei apresentada pelo vereador Didi Mangueira (PDT) em 2017 e aprovada em maio na C\u00e2mara Municipal.<\/p>\n","protected":false},"excerpt":{"rendered":"<p>Passou a vigorar a Lei Municipal que pro\u00edbe o consumo exagerado de \u00e1gua em lavagens de carros e cal\u00e7adas em Fortaleza. O objetivo \u00e9 evitar o desperd\u00edcio. Os infratores que forem flagrados pela fiscaliza\u00e7\u00e3o estar\u00e3o sujeitos a cobran\u00e7a de multas. A nova lei foi publicada no Di\u00e1rio Oficial do Munic\u00edpio ap\u00f3s ser sancionada pelo prefeito Roberto Cl\u00e1udio. No caso dos lava-jatos, a lei prev\u00ea que os estabelecimentos tomem medidas para evitar o desperd\u00edcio ou promovam o reuso de \u00e1gua.&hellip;<\/p>\n","protected":false},"author":1,"featured_media":0,"comment_status":"open","ping_status":"open","sticky":false,"template":"","format":"standard","meta":{"footnotes":""},"categories":[1],"tags":[],"class_list":["post-13090","post","type-post","status-publish","format-standard","hentry","category-noticias"],"_links":{"self":[{"href":"https:\/\/blogdorogeriogomes.com.br\/noticias\/wp-json\/wp\/v2\/posts\/13090","targetHints":{"allow":["GET"]}}],"collection":[{"href":"https:\/\/blogdorogeriogomes.com.br\/noticias\/wp-json\/wp\/v2\/posts"}],"about":[{"href":"https:\/\/blogdorogeriogomes.com.br\/noticias\/wp-json\/wp\/v2\/types\/post"}],"author":[{"embeddable":true,"href":"https:\/\/blogdorogeriogomes.com.br\/noticias\/wp-json\/wp\/v2\/users\/1"}],"replies":[{"embeddable":true,"href":"https:\/\/blogdorogeriogomes.com.br\/noticias\/wp-json\/wp\/v2\/comments?post=13090"}],"version-history":[{"count":1,"href":"https:\/\/blogdorogeriogomes.com.br\/noticias\/wp-json\/wp\/v2\/posts\/13090\/revisions"}],"predecessor-version":[{"id":13092,"href":"https:\/\/blogdorogeriogomes.com.br\/noticias\/wp-json\/wp\/v2\/posts\/13090\/revisions\/13092"}],"wp:attachment":[{"href":"https:\/\/blogdorogeriogomes.com.br\/noticias\/wp-json\/wp\/v2\/media?parent=13090"}],"wp:term":[{"taxonomy":"category","embeddable":true,"href":"https:\/\/blogdorogeriogomes.com.br\/noticias\/wp-json\/wp\/v2\/categories?post=13090"},{"taxonomy":"post_tag","embeddable":true,"href":"https:\/\/blogdorogeriogomes.com.br\/noticias\/wp-json\/wp\/v2\/tags?post=13090"}],"curies":[{"name":"wp","href":"https:\/\/api.w.org\/{rel}","templated":true}]}}