{"id":13096,"date":"2019-06-20T10:32:57","date_gmt":"2019-06-20T10:32:57","guid":{"rendered":"http:\/\/blogdorogeriogomes.com.br\/?p=13096"},"modified":"2019-06-20T10:32:57","modified_gmt":"2019-06-20T10:32:57","slug":"psdb-e-pdt-confirmam-pedido-para-que-deputado-andre-fernandes-responda-ao-conselho-de-etica","status":"publish","type":"post","link":"https:\/\/blogdorogeriogomes.com.br\/noticias\/2019\/06\/psdb-e-pdt-confirmam-pedido-para-que-deputado-andre-fernandes-responda-ao-conselho-de-etica\/","title":{"rendered":"PSDB e PDT confirmam pedido para que deputado Andr\u00e9 Fernandes responda ao Conselho de \u00c9tica"},"content":{"rendered":"<p><img loading=\"lazy\" decoding=\"async\" class=\"alignnone size-medium wp-image-13097\" src=\"http:\/\/blogdorogeriogomes.com.br\/wp-content\/uploads\/2019\/06\/IMG_20190620_072933_718-300x222.jpg\" alt=\"IMG_20190620_072933_718\" width=\"300\" height=\"222\" srcset=\"https:\/\/blogdorogeriogomes.com.br\/noticias\/wp-content\/uploads\/2019\/06\/IMG_20190620_072933_718-300x222.jpg 300w, https:\/\/blogdorogeriogomes.com.br\/noticias\/wp-content\/uploads\/2019\/06\/IMG_20190620_072933_718.jpg 559w\" sizes=\"auto, (max-width: 300px) 100vw, 300px\" \/><\/p>\n<p>Os diret\u00f3rios estaduais do PSDB e do PDT confirmam o pedido \u00e0 Mesa Diretora da Assembleia Legislativa do Cear\u00e1 para que o deputado estadual Andr\u00e9 Fernandes (PSL) responda a processo no Conselho de \u00c9tica por quebra de decoro parlamentar. A sigla tucana apresentou, nesta quarta-feira, dia 20 de junho, representa\u00e7\u00e3o ao Conselho de \u00c9tica, enquanto a legenda pedetista anunciou que protocolar\u00e1 pe\u00e7a at\u00e9 a pr\u00f3xima segunda-feira, dia 24. As rea\u00e7\u00f5es vieram ap\u00f3s o deputado do PSL acusar, durante discurso, colegas parlamentares de integrarem fac\u00e7\u00f5es criminosas. Outros partidos avaliam acionar tamb\u00e9m o Conselho de \u00c9tica da AL.<\/p>\n","protected":false},"excerpt":{"rendered":"<p>Os diret\u00f3rios estaduais do PSDB e do PDT confirmam o pedido \u00e0 Mesa Diretora da Assembleia Legislativa do Cear\u00e1 para que o deputado estadual Andr\u00e9 Fernandes (PSL) responda a processo no Conselho de \u00c9tica por quebra de decoro parlamentar. A sigla tucana apresentou, nesta quarta-feira, dia 20 de junho, representa\u00e7\u00e3o ao Conselho de \u00c9tica, enquanto a legenda pedetista anunciou que protocolar\u00e1 pe\u00e7a at\u00e9 a pr\u00f3xima segunda-feira, dia 24. As rea\u00e7\u00f5es vieram ap\u00f3s o deputado do PSL acusar, durante discurso,&hellip;<\/p>\n","protected":false},"author":1,"featured_media":0,"comment_status":"open","ping_status":"open","sticky":false,"template":"","format":"standard","meta":{"footnotes":""},"categories":[1],"tags":[],"class_list":["post-13096","post","type-post","status-publish","format-standard","hentry","category-noticias"],"_links":{"self":[{"href":"https:\/\/blogdorogeriogomes.com.br\/noticias\/wp-json\/wp\/v2\/posts\/13096","targetHints":{"allow":["GET"]}}],"collection":[{"href":"https:\/\/blogdorogeriogomes.com.br\/noticias\/wp-json\/wp\/v2\/posts"}],"about":[{"href":"https:\/\/blogdorogeriogomes.com.br\/noticias\/wp-json\/wp\/v2\/types\/post"}],"author":[{"embeddable":true,"href":"https:\/\/blogdorogeriogomes.com.br\/noticias\/wp-json\/wp\/v2\/users\/1"}],"replies":[{"embeddable":true,"href":"https:\/\/blogdorogeriogomes.com.br\/noticias\/wp-json\/wp\/v2\/comments?post=13096"}],"version-history":[{"count":1,"href":"https:\/\/blogdorogeriogomes.com.br\/noticias\/wp-json\/wp\/v2\/posts\/13096\/revisions"}],"predecessor-version":[{"id":13098,"href":"https:\/\/blogdorogeriogomes.com.br\/noticias\/wp-json\/wp\/v2\/posts\/13096\/revisions\/13098"}],"wp:attachment":[{"href":"https:\/\/blogdorogeriogomes.com.br\/noticias\/wp-json\/wp\/v2\/media?parent=13096"}],"wp:term":[{"taxonomy":"category","embeddable":true,"href":"https:\/\/blogdorogeriogomes.com.br\/noticias\/wp-json\/wp\/v2\/categories?post=13096"},{"taxonomy":"post_tag","embeddable":true,"href":"https:\/\/blogdorogeriogomes.com.br\/noticias\/wp-json\/wp\/v2\/tags?post=13096"}],"curies":[{"name":"wp","href":"https:\/\/api.w.org\/{rel}","templated":true}]}}