{"id":13099,"date":"2019-06-20T10:53:20","date_gmt":"2019-06-20T10:53:20","guid":{"rendered":"http:\/\/blogdorogeriogomes.com.br\/?p=13099"},"modified":"2019-06-20T10:53:20","modified_gmt":"2019-06-20T10:53:20","slug":"vereadores-de-fortaleza-aprovam-mais-de-170-emendas-para-o-novo-codigo-da-cidade","status":"publish","type":"post","link":"https:\/\/blogdorogeriogomes.com.br\/noticias\/2019\/06\/vereadores-de-fortaleza-aprovam-mais-de-170-emendas-para-o-novo-codigo-da-cidade\/","title":{"rendered":"Vereadores de Fortaleza aprovam mais de 170 emendas para o novo C\u00f3digo da Cidade"},"content":{"rendered":"<p><img loading=\"lazy\" decoding=\"async\" class=\"alignnone size-medium wp-image-13100\" src=\"http:\/\/blogdorogeriogomes.com.br\/wp-content\/uploads\/2019\/06\/IMG_20190620_075012_188-300x208.jpg\" alt=\"IMG_20190620_075012_188\" width=\"300\" height=\"208\" srcset=\"https:\/\/blogdorogeriogomes.com.br\/noticias\/wp-content\/uploads\/2019\/06\/IMG_20190620_075012_188-300x208.jpg 300w, https:\/\/blogdorogeriogomes.com.br\/noticias\/wp-content\/uploads\/2019\/06\/IMG_20190620_075012_188-768x532.jpg 768w, https:\/\/blogdorogeriogomes.com.br\/noticias\/wp-content\/uploads\/2019\/06\/IMG_20190620_075012_188-1024x709.jpg 1024w\" sizes=\"auto, (max-width: 300px) 100vw, 300px\" \/><\/p>\n<p>A Comiss\u00e3o Especial que discute o novo C\u00f3digo da Cidade na C\u00e2mara Municipal de Fortaleza aprovou mais de 170 emendas, das 478 que haviam sido apresentadas pelos vereadores, nesta quarta-feira, dia 19 de junho. A vota\u00e7\u00e3o em bloco das mat\u00e9rias, que se misturavam entre proposi\u00e7\u00f5es da base e da oposi\u00e7\u00e3o, durou quase cinco horas. A proposta entra em pauta na pr\u00f3xima ter\u00e7a-feira, dia 25 de junho, de acordo com o presidente da CMFor, Ant\u00f4nio Henrique (PDT).<br \/>\nO presidente da Comiss\u00e3o Especial, \u00c9sio Feitosa, que \u00e9 o l\u00edder do prefeito Roberto Cl\u00e1udio, explica que a inten\u00e7\u00e3o \u00e9 votar o projeto original e as emendas at\u00e9 o fim do m\u00eas, quando os parlamentares devem entrar em recesso.<br \/>\nO C\u00f3digo da Cidade estipula regras para o Munic\u00edpio e vai ajudar a disciplinar novos empreendimentos para a Capital.<\/p>\n","protected":false},"excerpt":{"rendered":"<p>A Comiss\u00e3o Especial que discute o novo C\u00f3digo da Cidade na C\u00e2mara Municipal de Fortaleza aprovou mais de 170 emendas, das 478 que haviam sido apresentadas pelos vereadores, nesta quarta-feira, dia 19 de junho. A vota\u00e7\u00e3o em bloco das mat\u00e9rias, que se misturavam entre proposi\u00e7\u00f5es da base e da oposi\u00e7\u00e3o, durou quase cinco horas. A proposta entra em pauta na pr\u00f3xima ter\u00e7a-feira, dia 25 de junho, de acordo com o presidente da CMFor, Ant\u00f4nio Henrique (PDT). O presidente da&hellip;<\/p>\n","protected":false},"author":1,"featured_media":0,"comment_status":"open","ping_status":"open","sticky":false,"template":"","format":"standard","meta":{"footnotes":""},"categories":[1],"tags":[],"class_list":["post-13099","post","type-post","status-publish","format-standard","hentry","category-noticias"],"_links":{"self":[{"href":"https:\/\/blogdorogeriogomes.com.br\/noticias\/wp-json\/wp\/v2\/posts\/13099","targetHints":{"allow":["GET"]}}],"collection":[{"href":"https:\/\/blogdorogeriogomes.com.br\/noticias\/wp-json\/wp\/v2\/posts"}],"about":[{"href":"https:\/\/blogdorogeriogomes.com.br\/noticias\/wp-json\/wp\/v2\/types\/post"}],"author":[{"embeddable":true,"href":"https:\/\/blogdorogeriogomes.com.br\/noticias\/wp-json\/wp\/v2\/users\/1"}],"replies":[{"embeddable":true,"href":"https:\/\/blogdorogeriogomes.com.br\/noticias\/wp-json\/wp\/v2\/comments?post=13099"}],"version-history":[{"count":1,"href":"https:\/\/blogdorogeriogomes.com.br\/noticias\/wp-json\/wp\/v2\/posts\/13099\/revisions"}],"predecessor-version":[{"id":13101,"href":"https:\/\/blogdorogeriogomes.com.br\/noticias\/wp-json\/wp\/v2\/posts\/13099\/revisions\/13101"}],"wp:attachment":[{"href":"https:\/\/blogdorogeriogomes.com.br\/noticias\/wp-json\/wp\/v2\/media?parent=13099"}],"wp:term":[{"taxonomy":"category","embeddable":true,"href":"https:\/\/blogdorogeriogomes.com.br\/noticias\/wp-json\/wp\/v2\/categories?post=13099"},{"taxonomy":"post_tag","embeddable":true,"href":"https:\/\/blogdorogeriogomes.com.br\/noticias\/wp-json\/wp\/v2\/tags?post=13099"}],"curies":[{"name":"wp","href":"https:\/\/api.w.org\/{rel}","templated":true}]}}